{"id":74080,"date":"2024-07-07T07:12:33","date_gmt":"2024-07-07T13:12:33","guid":{"rendered":"http:\/\/mickyandoniehn.com\/radio\/2024\/07\/07\/hoy-se-encuentra-de-cumpleanos-mi-amigo-carlos-fernando-nuila-coto-hijo-del-lic-wilberto-nuila-cruz-qddg-y-de-la-prima-de-papa-aminta-coto-fernandez-qddg-muchas-felicidades\/"},"modified":"2024-07-07T07:12:33","modified_gmt":"2024-07-07T13:12:33","slug":"hoy-se-encuentra-de-cumpleanos-mi-amigo-carlos-fernando-nuila-coto-hijo-del-lic-wilberto-nuila-cruz-qddg-y-de-la-prima-de-papa-aminta-coto-fernandez-qddg-muchas-felicidades","status":"publish","type":"post","link":"https:\/\/mickyandoniehn.com\/radio\/2024\/07\/07\/hoy-se-encuentra-de-cumpleanos-mi-amigo-carlos-fernando-nuila-coto-hijo-del-lic-wilberto-nuila-cruz-qddg-y-de-la-prima-de-papa-aminta-coto-fernandez-qddg-muchas-felicidades\/","title":{"rendered":"Hoy se encuentra de Cumplea\u00f1os mi amigo Carlos Fernando Nuila Coto, hijo del Lic. Wilberto Nuila Cruz (QDDG) y de la prima de pap\u00e1 Aminta Coto Fern\u00e1ndez (QDDG) \u00a1Muchas Felicidades!"},"content":{"rendered":"<\/p>\n<p>\u00a0<\/p>\n<p><span class=\"html-span xexx8yu x4uap5 x18d9i69 xkhd6sd x1hl2dhg x16tdsg8 x1vvkbs x3nfvp2 x1j61x8r x1fcty0u xdj266r xat24cr xgzva0m xhhsvwb xxymvpz xlup9mm x1kky2od\"><\/span><span class=\"html-span xexx8yu x4uap5 x18d9i69 xkhd6sd x1hl2dhg x16tdsg8 x1vvkbs x3nfvp2 x1j61x8r x1fcty0u xdj266r xat24cr xgzva0m xhhsvwb xxymvpz xlup9mm x1kky2od\"><\/span><span class=\"html-span xexx8yu x4uap5 x18d9i69 xkhd6sd x1hl2dhg x16tdsg8 x1vvkbs x3nfvp2 x1j61x8r x1fcty0u xdj266r xat24cr xgzva0m xhhsvwb xxymvpz xlup9mm x1kky2od\"><\/span><span class=\"html-span xexx8yu x4uap5 x18d9i69 xkhd6sd x1hl2dhg x16tdsg8 x1vvkbs x3nfvp2 x1j61x8r x1fcty0u xdj266r xat24cr xgzva0m xhhsvwb xxymvpz xlup9mm x1kky2od\"><\/span><span class=\"html-span xexx8yu x4uap5 x18d9i69 xkhd6sd x1hl2dhg x16tdsg8 x1vvkbs x3nfvp2 x1j61x8r x1fcty0u xdj266r xat24cr xgzva0m xhhsvwb xxymvpz xlup9mm x1kky2od\"><\/span><span class=\"html-span xexx8yu x4uap5 x18d9i69 xkhd6sd x1hl2dhg x16tdsg8 x1vvkbs x3nfvp2 x1j61x8r x1fcty0u xdj266r xat24cr xgzva0m xhhsvwb xxymvpz xlup9mm x1kky2od\"><\/span><span class=\"html-span xexx8yu x4uap5 x18d9i69 xkhd6sd x1hl2dhg x16tdsg8 x1vvkbs x3nfvp2 x1j61x8r x1fcty0u xdj266r xat24cr xgzva0m xhhsvwb xxymvpz xlup9mm x1kky2od\"><\/span>Hoy se encuentra de Cumplea\u00f1os mi amigo Carlos Fernando Nuila Coto, hijo del Lic. Wilberto Nuila Cruz (QDDG) y de la prima de pap\u00e1 Aminta Coto Fern\u00e1ndez (QDDG) \u00a1Muchas Felicidades! que pases un maravilloso d\u00eda en compa\u00f1\u00eda de tus seres queridos y que Dios te bendioga con muchos a\u00f1os m\u00e1s llenos de abundantes \u00e9xitos<span class=\"html-span xexx8yu x4uap5 x18d9i69 xkhd6sd x1hl2dhg x16tdsg8 x1vvkbs x3nfvp2 x1j61x8r x1fcty0u xdj266r xat24cr xgzva0m xhhsvwb xxymvpz xlup9mm x1kky2od\"><\/span><span class=\"html-span xexx8yu x4uap5 x18d9i69 xkhd6sd x1hl2dhg x16tdsg8 x1vvkbs x3nfvp2 x1j61x8r x1fcty0u xdj266r xat24cr xgzva0m xhhsvwb xxymvpz xlup9mm x1kky2od\"><\/span><span class=\"html-span xexx8yu x4uap5 x18d9i69 xkhd6sd x1hl2dhg x16tdsg8 x1vvkbs x3nfvp2 x1j61x8r x1fcty0u xdj266r xat24cr xgzva0m xhhsvwb xxymvpz xlup9mm x1kky2od\"><\/span><span class=\"html-span xexx8yu x4uap5 x18d9i69 xkhd6sd x1hl2dhg x16tdsg8 x1vvkbs x3nfvp2 x1j61x8r x1fcty0u xdj266r xat24cr xgzva0m xhhsvwb xxymvpz xlup9mm x1kky2od\"><\/span><span class=\"html-span xexx8yu x4uap5 x18d9i69 xkhd6sd x1hl2dhg x16tdsg8 x1vvkbs x3nfvp2 x1j61x8r x1fcty0u xdj266r xat24cr xgzva0m xhhsvwb xxymvpz xlup9mm x1kky2od\"><\/span><span class=\"html-span xexx8yu x4uap5 x18d9i69 xkhd6sd x1hl2dhg x16tdsg8 x1vvkbs x3nfvp2 x1j61x8r x1fcty0u xdj266r xat24cr xgzva0m xhhsvwb xxymvpz xlup9mm x1kky2od\"><\/span><span class=\"html-span xexx8yu x4uap5 x18d9i69 xkhd6sd x1hl2dhg x16tdsg8 x1vvkbs x3nfvp2 x1j61x8r x1fcty0u xdj266r xat24cr xgzva0m xhhsvwb xxymvpz xlup9mm x1kky2od\"><\/span><\/p>\n","protected":false},"excerpt":{"rendered":"<p>\u00a0 Hoy se encuentra de Cumplea\u00f1os mi amigo Carlos Fernando Nuila Coto, hijo del Lic. Wilberto Nuila Cruz (QDDG) y de la prima de pap\u00e1 Aminta Coto Fern\u00e1ndez (QDDG) \u00a1Muchas Felicidades! que pases un maravilloso d\u00eda en compa\u00f1\u00eda de tus seres queridos y que Dios te bendioga con muchos a\u00f1os m\u00e1s llenos de abundantes \u00e9xitos<\/p>\n","protected":false},"author":0,"featured_media":74081,"comment_status":"open","ping_status":"open","sticky":false,"template":"","format":"standard","meta":{"_jetpack_memberships_contains_paid_content":false,"footnotes":""},"categories":[5],"tags":[],"class_list":["post-74080","post","type-post","status-publish","format-standard","has-post-thumbnail","","category-noticias"],"jetpack_sharing_enabled":true,"jetpack_featured_media_url":"https:\/\/mickyandoniehn.com\/radio\/wp-content\/uploads\/2024\/07\/cumple-IIfuTz.jpeg","_links":{"self":[{"href":"https:\/\/mickyandoniehn.com\/radio\/wp-json\/wp\/v2\/posts\/74080","targetHints":{"allow":["GET"]}}],"collection":[{"href":"https:\/\/mickyandoniehn.com\/radio\/wp-json\/wp\/v2\/posts"}],"about":[{"href":"https:\/\/mickyandoniehn.com\/radio\/wp-json\/wp\/v2\/types\/post"}],"replies":[{"embeddable":true,"href":"https:\/\/mickyandoniehn.com\/radio\/wp-json\/wp\/v2\/comments?post=74080"}],"version-history":[{"count":0,"href":"https:\/\/mickyandoniehn.com\/radio\/wp-json\/wp\/v2\/posts\/74080\/revisions"}],"wp:featuredmedia":[{"embeddable":true,"href":"https:\/\/mickyandoniehn.com\/radio\/wp-json\/wp\/v2\/media\/74081"}],"wp:attachment":[{"href":"https:\/\/mickyandoniehn.com\/radio\/wp-json\/wp\/v2\/media?parent=74080"}],"wp:term":[{"taxonomy":"category","embeddable":true,"href":"https:\/\/mickyandoniehn.com\/radio\/wp-json\/wp\/v2\/categories?post=74080"},{"taxonomy":"post_tag","embeddable":true,"href":"https:\/\/mickyandoniehn.com\/radio\/wp-json\/wp\/v2\/tags?post=74080"}],"curies":[{"name":"wp","href":"https:\/\/api.w.org\/{rel}","templated":true}]}}