{"id":74074,"date":"2024-07-06T12:12:36","date_gmt":"2024-07-06T18:12:36","guid":{"rendered":"http:\/\/mickyandoniehn.com\/radio\/2024\/07\/06\/espana-sera-invitado-de-honor-a-la-iii-feria-internacional-del-libro-honduras-2024\/"},"modified":"2024-07-06T12:12:36","modified_gmt":"2024-07-06T18:12:36","slug":"espana-sera-invitado-de-honor-a-la-iii-feria-internacional-del-libro-honduras-2024","status":"publish","type":"post","link":"https:\/\/mickyandoniehn.com\/radio\/2024\/07\/06\/espana-sera-invitado-de-honor-a-la-iii-feria-internacional-del-libro-honduras-2024\/","title":{"rendered":"Espa\u00f1a ser\u00e1 \u201cinvitado de honor\u201d a la III Feria Internacional del Libro Honduras 2024"},"content":{"rendered":"<\/p>\n<p class=\"mb-6\">Espa\u00f1a ser\u00e1 el pa\u00eds \u201cinvitado de honor\u201d a la III Feria Internacional del Libro Honduras 2024 (FIL) que se celebrar\u00e1 en Tegucigalpa del 8 al 11 de agosto, informaron este viernes sus organizadores.<\/p>\n<p class=\"mb-6\">La FIL Honduras se celebrar\u00e1, por segunda vez consecutiva, en la Universidad Pedag\u00f3gica Nacional Francisco Moraz\u00e1n (UPNFM), cuya rectora, Lexy Concepci\u00f3n Medina, destac\u00f3 en el anuncio oficial del evento literario \u201clos lazos culturales que unen a Honduras y Espa\u00f1a\u201d.<\/p>\n<p class=\"mb-6\">A\u00f1adi\u00f3 que \u201cEspa\u00f1a tiene una vasta y rica tradici\u00f3n literaria\u201d y que la FIL resaltar\u00e1 \u201cla importancia de fomentar el amor por los libros desde temprana edad\u201d.<\/p>\n<p class=\"mb-6\">La FIL Honduras, que contar\u00e1 con 30 invitados literarios y editoriales nacionales y 20 internacionales, se celebrar\u00e1 en conjunto con la Secretar\u00eda de las Culturas, Artes y Patrimonio de los Pueblos de Honduras, (SECAPH), la Biblioteca Nacional, el Centro Cultural de Espa\u00f1a en Tegucigalpa (CCET) y la UPNFM.<\/p>\n<p class=\"mb-6\">El programa de la FIL Honduras incluir\u00e1 tem\u00e1ticas como la ciencia ficci\u00f3n, literatura cient\u00edfica, el uso de la tecnolog\u00eda en la literatura, el impacto de la inteligencia artificial en la edici\u00f3n; la cultura, la literatura y la pol\u00edtica, y la diversidad que abordan las ciencias.<\/p>\n<p class=\"mb-6\">Tambi\u00e9n se celebrar\u00e1n talleres, presentaciones de libros, c\u00edrculos de lectura, cuenta cuentos, lectura de poes\u00eda y narrativa, ponencias y presentaciones art\u00edsticas.<\/p>\n<p class=\"mb-6\">La mascota de la FIL ser\u00e1 un armi\u00f1o, un animal en peligro de extinci\u00f3n que simboliza la rica biodiversidad y el patrimonio cultural de Espa\u00f1a y Europa.<\/p>\n<p class=\"mb-6\">Seg\u00fan los organizadores de la jornada literaria, la FIL tendr\u00e1 representaciones de Argentina, Colombia, Costa Rica, Cuba, Ecuador, Espa\u00f1a, El Salvador, Guatemala, Honduras, Italia, M\u00e9xico, Nicaragua, Panam\u00e1, Per\u00fa, Rep\u00fablica Checa, Uruguay y Venezuela, entre otros pa\u00edses. EFE<\/p>\n<p><strong>Fuente:LaTribuna.hn<\/strong><\/p>\n","protected":false},"excerpt":{"rendered":"<p>Espa\u00f1a ser\u00e1 el pa\u00eds \u201cinvitado de honor\u201d a la III Feria Internacional del Libro Honduras 2024 (FIL) que se celebrar\u00e1 en Tegucigalpa del 8 al 11 de agosto, informaron este viernes sus organizadores. La FIL Honduras se celebrar\u00e1, por segunda vez consecutiva, en la Universidad Pedag\u00f3gica Nacional Francisco Moraz\u00e1n (UPNFM), cuya rectora, Lexy Concepci\u00f3n Medina, &hellip;<\/p>\n","protected":false},"author":0,"featured_media":74075,"comment_status":"open","ping_status":"open","sticky":false,"template":"","format":"standard","meta":{"_jetpack_memberships_contains_paid_content":false,"footnotes":""},"categories":[5],"tags":[],"class_list":["post-74074","post","type-post","status-publish","format-standard","has-post-thumbnail","","category-noticias"],"jetpack_sharing_enabled":true,"jetpack_featured_media_url":"https:\/\/mickyandoniehn.com\/radio\/wp-content\/uploads\/2024\/07\/III-Feria-Internacional-del-Libro-Honduras-2024-nElw11.jpeg","_links":{"self":[{"href":"https:\/\/mickyandoniehn.com\/radio\/wp-json\/wp\/v2\/posts\/74074","targetHints":{"allow":["GET"]}}],"collection":[{"href":"https:\/\/mickyandoniehn.com\/radio\/wp-json\/wp\/v2\/posts"}],"about":[{"href":"https:\/\/mickyandoniehn.com\/radio\/wp-json\/wp\/v2\/types\/post"}],"replies":[{"embeddable":true,"href":"https:\/\/mickyandoniehn.com\/radio\/wp-json\/wp\/v2\/comments?post=74074"}],"version-history":[{"count":0,"href":"https:\/\/mickyandoniehn.com\/radio\/wp-json\/wp\/v2\/posts\/74074\/revisions"}],"wp:featuredmedia":[{"embeddable":true,"href":"https:\/\/mickyandoniehn.com\/radio\/wp-json\/wp\/v2\/media\/74075"}],"wp:attachment":[{"href":"https:\/\/mickyandoniehn.com\/radio\/wp-json\/wp\/v2\/media?parent=74074"}],"wp:term":[{"taxonomy":"category","embeddable":true,"href":"https:\/\/mickyandoniehn.com\/radio\/wp-json\/wp\/v2\/categories?post=74074"},{"taxonomy":"post_tag","embeddable":true,"href":"https:\/\/mickyandoniehn.com\/radio\/wp-json\/wp\/v2\/tags?post=74074"}],"curies":[{"name":"wp","href":"https:\/\/api.w.org\/{rel}","templated":true}]}}