{"id":74068,"date":"2024-07-06T11:12:32","date_gmt":"2024-07-06T17:12:32","guid":{"rendered":"http:\/\/mickyandoniehn.com\/radio\/2024\/07\/06\/inauguran-el-primer-cine-neurodivergente-e-inclusivo-en-honduras\/"},"modified":"2024-07-06T11:12:32","modified_gmt":"2024-07-06T17:12:32","slug":"inauguran-el-primer-cine-neurodivergente-e-inclusivo-en-honduras","status":"publish","type":"post","link":"https:\/\/mickyandoniehn.com\/radio\/2024\/07\/06\/inauguran-el-primer-cine-neurodivergente-e-inclusivo-en-honduras\/","title":{"rendered":"Inauguran el primer cine neurodivergente e inclusivo en Honduras"},"content":{"rendered":"<\/p>\n<p>\u00a1Una excelente iniciativa que nos llena de orgullo y emoci\u00f3n! Honduras ya cuenta con el<strong>\u00a0primer cine inclusivo,<\/strong>\u00a0el cual se llama \u00abCine Neurodivergente\u00bb y se encuentra en Metrocinemas en Tegucigalpa. A continuaci\u00f3n te contamos de qu\u00e9 se trata este bonito proyecto.<\/p>\n<h2>Inauguran el primer cine neurodivergente e inclusivo en Honduras<\/h2>\n<p>Metrocinemas decidi\u00f3 abrir el primer cine neurodivergente del pa\u00eds, el cual busca ser un espacio de\u00a0<strong>diversi\u00f3n e inclusi\u00f3n para hondure\u00f1os.<\/strong><\/p>\n<p>El cine ofrece un ambiente con\u00a0<strong>adaptaciones especiales para que personas neurodivergentes<\/strong>\u00a0puedan tener una experiencia \u00fanica.<\/p>\n<div class=\"wp-block-embed__wrapper\">\n<\/div>\n<p>Las salas ofrecen un\u00a0<strong>n\u00famero l\u00edmitado de asientos<\/strong>\u00a0para reducir la cantidad de personas y aglomeraciones. Tambi\u00e9n hay apoyos visuales y se debe<strong>\u00a0reservar el asiento previamente por tel\u00e9fono.<\/strong><\/p>\n<h3>Significado de neurodivergente<\/h3>\n<p>Una persona neurodivergente es alguien cuyo cerebro y forma de procesar la informaci\u00f3n funcionan de manera diferente a la norma establecida o \u00abneurot\u00edpica\u00bb. Este t\u00e9rmino se utiliza para describir una variedad de condiciones neurol\u00f3gicas y de desarrollo que pueden incluir:<\/p>\n<p>Trastorno del espectro autista (TEA)<br \/>\nTrastorno por d\u00e9ficit de atenci\u00f3n e hiperactividad (TDAH)<br \/>\nDislexia<br \/>\nDiscalculia<br \/>\nS\u00edndrome de Tourette<br \/>\nTrastorno obsesivo-compulsivo (TOC)<\/p>\n<p><strong>Fuente:honduras.com<\/strong><\/p>\n","protected":false},"excerpt":{"rendered":"<p>\u00a1Una excelente iniciativa que nos llena de orgullo y emoci\u00f3n! Honduras ya cuenta con el\u00a0primer cine inclusivo,\u00a0el cual se llama \u00abCine Neurodivergente\u00bb y se encuentra en Metrocinemas en Tegucigalpa. A continuaci\u00f3n te contamos de qu\u00e9 se trata este bonito proyecto. Inauguran el primer cine neurodivergente e inclusivo en Honduras Metrocinemas decidi\u00f3 abrir el primer cine &hellip;<\/p>\n","protected":false},"author":0,"featured_media":74069,"comment_status":"open","ping_status":"open","sticky":false,"template":"","format":"standard","meta":{"_jetpack_memberships_contains_paid_content":false,"footnotes":""},"categories":[5],"tags":[],"class_list":["post-74068","post","type-post","status-publish","format-standard","has-post-thumbnail","","category-noticias"],"jetpack_sharing_enabled":true,"jetpack_featured_media_url":"https:\/\/mickyandoniehn.com\/radio\/wp-content\/uploads\/2024\/07\/ipiccy_image-5-5LRJVB.jpeg","_links":{"self":[{"href":"https:\/\/mickyandoniehn.com\/radio\/wp-json\/wp\/v2\/posts\/74068","targetHints":{"allow":["GET"]}}],"collection":[{"href":"https:\/\/mickyandoniehn.com\/radio\/wp-json\/wp\/v2\/posts"}],"about":[{"href":"https:\/\/mickyandoniehn.com\/radio\/wp-json\/wp\/v2\/types\/post"}],"replies":[{"embeddable":true,"href":"https:\/\/mickyandoniehn.com\/radio\/wp-json\/wp\/v2\/comments?post=74068"}],"version-history":[{"count":0,"href":"https:\/\/mickyandoniehn.com\/radio\/wp-json\/wp\/v2\/posts\/74068\/revisions"}],"wp:featuredmedia":[{"embeddable":true,"href":"https:\/\/mickyandoniehn.com\/radio\/wp-json\/wp\/v2\/media\/74069"}],"wp:attachment":[{"href":"https:\/\/mickyandoniehn.com\/radio\/wp-json\/wp\/v2\/media?parent=74068"}],"wp:term":[{"taxonomy":"category","embeddable":true,"href":"https:\/\/mickyandoniehn.com\/radio\/wp-json\/wp\/v2\/categories?post=74068"},{"taxonomy":"post_tag","embeddable":true,"href":"https:\/\/mickyandoniehn.com\/radio\/wp-json\/wp\/v2\/tags?post=74068"}],"curies":[{"name":"wp","href":"https:\/\/api.w.org\/{rel}","templated":true}]}}