{"id":74055,"date":"2024-07-05T13:12:33","date_gmt":"2024-07-05T19:12:33","guid":{"rendered":"http:\/\/mickyandoniehn.com\/radio\/2024\/07\/05\/muere-el-famoso-tiktoker-hondureno-neekii-cruz\/"},"modified":"2024-07-05T13:12:33","modified_gmt":"2024-07-05T19:12:33","slug":"muere-el-famoso-tiktoker-hondureno-neekii-cruz","status":"publish","type":"post","link":"https:\/\/mickyandoniehn.com\/radio\/2024\/07\/05\/muere-el-famoso-tiktoker-hondureno-neekii-cruz\/","title":{"rendered":"Muere el famoso tiktoker hondure\u00f1o \u201cNeekii Cruz\u201d"},"content":{"rendered":"<\/p>\n<p>05.07.2024<\/p>\n<p class=\"mb-6\">Este viernes se confirm\u00f3 la muerte del hondure\u00f1o creador de contenido en la red Tik Tok, Nelson David Cruz, mejor conocido como \u201cNeekii Cruuz\u201d, el deceso del reconocido tiktoker habr\u00eda ocurrido en Siguatepeque, departamento de Comayagua.<\/p>\n<p class=\"mb-6\">A trav\u00e9s de un comunicado, el Centro Integral Casa de Restauraci\u00f3n, organizaci\u00f3n fundada por Nelson Cruz, confirm\u00f3 su fallecimiento a trav\u00e9s de un comunicado publicado en las redes sociales.<\/p>\n<p class=\"mb-6\">Hasta el momento se desconocen los detalles de la causa de la muerte del creador de contenido, quien en 2022 revel\u00f3 al mundo que ten\u00eda problemas con el alcohol y las drogas.<\/p>\n<div class=\"fs-dynamic\"><\/div>\n<p class=\"mb-6\">\u201cYo era un enfermo alcoh\u00f3lico, un drogadicto. Vengo luchando contra esta enfermedad hace ocho a\u00f1os atr\u00e1s\u201d, dijo en un video que luego elimin\u00f3 de sus redes sociales.<\/p>\n<p><a href=\"https:\/\/www.latribuna.hn\/2024\/07\/05\/fallece-nelson-david-cruz-tiktoker-hondureno-conocido-como-neekii-cruuz\/\"><\/a><\/p>\n<p>Fuente: Latribuna.hn<\/p>\n","protected":false},"excerpt":{"rendered":"<p>05.07.2024 Este viernes se confirm\u00f3 la muerte del hondure\u00f1o creador de contenido en la red Tik Tok, Nelson David Cruz, mejor conocido como \u201cNeekii Cruuz\u201d, el deceso del reconocido tiktoker habr\u00eda ocurrido en Siguatepeque, departamento de Comayagua. A trav\u00e9s de un comunicado, el Centro Integral Casa de Restauraci\u00f3n, organizaci\u00f3n fundada por Nelson Cruz, confirm\u00f3 su &hellip;<\/p>\n","protected":false},"author":0,"featured_media":74056,"comment_status":"open","ping_status":"open","sticky":false,"template":"","format":"standard","meta":{"_jetpack_memberships_contains_paid_content":false,"footnotes":""},"categories":[5],"tags":[],"class_list":["post-74055","post","type-post","status-publish","format-standard","has-post-thumbnail","","category-noticias"],"jetpack_sharing_enabled":true,"jetpack_featured_media_url":"https:\/\/mickyandoniehn.com\/radio\/wp-content\/uploads\/2024\/07\/Nelson-David-Cruz-Neekii-Cruuz-uPmQ6K.jpeg","_links":{"self":[{"href":"https:\/\/mickyandoniehn.com\/radio\/wp-json\/wp\/v2\/posts\/74055","targetHints":{"allow":["GET"]}}],"collection":[{"href":"https:\/\/mickyandoniehn.com\/radio\/wp-json\/wp\/v2\/posts"}],"about":[{"href":"https:\/\/mickyandoniehn.com\/radio\/wp-json\/wp\/v2\/types\/post"}],"replies":[{"embeddable":true,"href":"https:\/\/mickyandoniehn.com\/radio\/wp-json\/wp\/v2\/comments?post=74055"}],"version-history":[{"count":0,"href":"https:\/\/mickyandoniehn.com\/radio\/wp-json\/wp\/v2\/posts\/74055\/revisions"}],"wp:featuredmedia":[{"embeddable":true,"href":"https:\/\/mickyandoniehn.com\/radio\/wp-json\/wp\/v2\/media\/74056"}],"wp:attachment":[{"href":"https:\/\/mickyandoniehn.com\/radio\/wp-json\/wp\/v2\/media?parent=74055"}],"wp:term":[{"taxonomy":"category","embeddable":true,"href":"https:\/\/mickyandoniehn.com\/radio\/wp-json\/wp\/v2\/categories?post=74055"},{"taxonomy":"post_tag","embeddable":true,"href":"https:\/\/mickyandoniehn.com\/radio\/wp-json\/wp\/v2\/tags?post=74055"}],"curies":[{"name":"wp","href":"https:\/\/api.w.org\/{rel}","templated":true}]}}