{"id":74045,"date":"2024-07-05T12:12:39","date_gmt":"2024-07-05T18:12:39","guid":{"rendered":"https:\/\/mickyandoniehn.com\/radio\/2024\/07\/05\/mbappe-admiro-la-grandeza-de-cristiano-no-habra-nadie-como-el\/"},"modified":"2024-07-05T12:12:39","modified_gmt":"2024-07-05T18:12:39","slug":"mbappe-admiro-la-grandeza-de-cristiano-no-habra-nadie-como-el","status":"publish","type":"post","link":"https:\/\/mickyandoniehn.com\/radio\/2024\/07\/05\/mbappe-admiro-la-grandeza-de-cristiano-no-habra-nadie-como-el\/","title":{"rendered":"Mbapp\u00e9: \u00abAdmiro la grandeza de Cristiano, no habr\u00e1 nadie como \u00e9l\u00bb"},"content":{"rendered":"<\/p>\n<p>05.07.2024<\/p>\n<p>Kylian Mbapp\u00e9, capit\u00e1n de la selecci\u00f3n francesa de f\u00fatbol, afirm\u00f3 este jueves en rueda de prensa que admira \u00abla grandeza\u00bb de Cristiano, a quien se enfrentar\u00e1 este s\u00e1bado en los cuartos de final de la Eurocopa y declar\u00f3 que \u00abno habr\u00e1 nadie\u00bb como el jugador portugu\u00e9s.<\/p>\n<p>Mbapp\u00e9 se deshizo en halagos hacia Cristiano Ronaldo, que podr\u00eda disputar su \u00faltimo encuentro en una Eurocopa, y a quien dijo respetar pese a dejar claro que espera que sea Francia la selecci\u00f3n que alcance las semifinales aunque sea a costa de dejar por el camino al ex jugador del Real Madrid.<\/p>\n<p>\u00abTodo el mundo sabe la admiraci\u00f3n que siempre he tenido por Cristiano. Tuve la oportunidad de conocerle y hablar con \u00e9l muchas veces. Estamos en contacto y siempre trata de darme buenos consejos. Es un honor. Pase lo que pase, seguir\u00e1 siendo una leyenda del f\u00fatbol. Pero espero que pasemos ma\u00f1ana nosotros\u00bb, dijo.<\/p>\n<p>\u00abNunca he envidiado nada. Solo quiero admirar la grandeza de Cristiano. No habr\u00e1 ninguno as\u00ed. Ha dejado huella en la historia del f\u00fatbol. Ha marcado a generaciones, ha marcado infinidad de goles y ha logrado un gran n\u00famero de t\u00edtulos. Siento un gran respeto hacia \u00e9l, pero ma\u00f1ana espero que no est\u00e9 tan feliz porque hayamos pasado a semifinales nosotros\u00bb, agreg\u00f3.<\/p>\n<p>Preguntado por si quiere seguir los pasos en el Real Madrid de Cristiano y convertirse en un \u00eddolo como \u00e9l, recalc\u00f3 que el jugador portugu\u00e9s \u00abes \u00fanico y solo hay uno\u00bb y se\u00f1al\u00f3 que s\u00f3lo quiere seguir \u00absu propio camino\u00bb. Adem\u00e1s, indic\u00f3 que ha tenido \u00abla suerte de empezar a vivir el sue\u00f1o de jugar en el Real Madrid\u00bb y manifest\u00f3 su idea de escribir una gran historia en el club blanco. \u00abPero no voy all\u00ed a seguir la historia de Cristiano\u00bb, resalt\u00f3.<\/p>\n<p>El jugador del Real Madrid tambi\u00e9n quiso dejar claro que Portugal no es s\u00f3lo Cristiano Ronaldo porque tiene a otros muchos buenos jugadores que forman un equipo muy bueno al que hay que tener en cuenta.<\/p>\n<p>\u00abCuando juegas contra un equipo como Portugal es muy peligroso nombrar solo a un jugador porque tiene muchos y muy buenos. Cristiano es una leyenda, pero decir solo eso es despreciar a los dem\u00e1s jugadores. Bruno Fenandes, Bernardo Silva, mis compa\u00f1eros del PSG que tambi\u00e9n est\u00e1n ah\u00ed y son peligrosos\u2026 Fijarse en un solo jugador es descuidar a los dem\u00e1s. No vamos a cometer ese error\u00bb, apunt\u00f3.<\/p>\n<p>Tambi\u00e9n alab\u00f3 a otro jugador como Pepe, que sigue en la \u00e9lite con 41 a\u00f1os: \u00abNunca es f\u00e1cil enfrentarse a grandes jugadores como \u00e9l. Tenemos que respetar mucho lo que ha hecho a lo largo de su carrera.<\/p>\n<p>Es una leyenda del Real Madrid Y de Portugal y jugar aqu\u00ed de titular a los 41 a\u00f1os no es poca cosa. Si est\u00e1 ah\u00ed es porque merece estar. Es \u00fanico en su clase y cuando empiezas a jugar quieres jugar contra los grandes. Ser\u00e1 un placer jugar contra \u00e9l ma\u00f1ana y le respeto\u00bb, se\u00f1al\u00f3.<\/p>\n<p>Asimismo, pidi\u00f3 apoyo para Antoine Griezmann, que no est\u00e1 jugando a su mejor nivel y recibe cr\u00edticas desde la prensa de Francia: \u00abNotamos las cr\u00edticas.<\/p>\n<p>Es un jugador que ha dado bastante a la selecci\u00f3n. Hay que valorarle. Est\u00e1 un momento duro, no pasa nada por decirlo. Creo que tiene todo el apoyo de la gente, del grupo, del vestuario y deber\u00eda tener el apoyo de los periodistas. Ha hecho crecer a nuestro pa\u00eds. Cada uno es libre de dar su opini\u00f3n, pero duele un poco las cr\u00edticas hacia Griezmann. Lo ha dado todo por Francia.<\/p>\n<p>Es uno de los mejores jugadores de la era moderna de la selecci\u00f3n. Siempre ha tenido un gran estado de forma. Hay que apoyarle. Cuando lo hacen, se ve en su cara y da lo mejor de s\u00ed mismo\u00bb.<\/p>\n<p>Sobre la m\u00e1scara, de la que dijo odiar por su incomodidad, tambi\u00e9n reconoci\u00f3 que sin ella no podr\u00eda jugar en la Eurocopa y apunt\u00f3 que la usar\u00e1 pase lo que pase hasta el final de la competici\u00f3n. \u00abS\u00f3lo puedo darle las gracias, sin ella no jugar\u00eda. Ma\u00f1ana intentar\u00e9 todo para rendir y que alcancemos la siguiente ronda\u00bb.<\/p>\n<p>Y fue m\u00e1s espec\u00edfico sobre el encuentro ante Portugal. Mbapp\u00e9 afirm\u00f3 que Francia tiene la ambici\u00f3n de ganar el torneo, pero ganando primero al combinado luso para estar en semifinales. \u00abAhora tenemos a un gran equipo enfrente, que es Portugal. Vamos a jugar con la ambici\u00f3n necesaria. Por el momento, solamente nos centramos en eso. Lo que pas\u00f3 o lo que pasar\u00e1 despu\u00e9s, no importa, porque hay que rendir para ganar ma\u00f1ana\u00bb, explic\u00f3.<\/p>\n<p>\u00abNo soy un jugador que busque excusas. Ma\u00f1ana hay que estar al 100 por ciento y ser veloz. Tendr\u00e9 una mejor preparaci\u00f3n la pr\u00f3xima temporada, ser\u00e1 mejor seguro. Ahora, hay unos cuartos y estoy preparado para guiar a mi equipo a la semifinal. Podemos ser campeones de la Eurocopa y tengo ganas de lograrlo\u201d, confirm\u00f3.<\/p>\n<p>\u00abEs un torneo re\u00f1ido y es muy dif\u00edcil. Solo hay grandes equipos. Cada detalle ser\u00e1 importante. Es importante ser decisivo en ambas \u00e1reas, a la defensiva y a la ofensiva. Ellos han mejorado y trabajado mucho y dos equipos tendr\u00e1n opciones de pasar a la final. En los entrenamientos hemos mejorado a niveles de intensidad y finalizaci\u00f3n. Estamos listos para ma\u00f1ana\u00bb, concluy\u00f3.<\/p>\n<p>Fuente: Hondudiario.com<\/p>\n","protected":false},"excerpt":{"rendered":"<p>05.07.2024 Kylian Mbapp\u00e9, capit\u00e1n de la selecci\u00f3n francesa de f\u00fatbol, afirm\u00f3 este jueves en rueda de prensa que admira \u00abla grandeza\u00bb de Cristiano, a quien se enfrentar\u00e1 este s\u00e1bado en los cuartos de final de la Eurocopa y declar\u00f3 que \u00abno habr\u00e1 nadie\u00bb como el jugador portugu\u00e9s. Mbapp\u00e9 se deshizo en halagos hacia Cristiano Ronaldo, &hellip;<\/p>\n","protected":false},"author":0,"featured_media":74046,"comment_status":"open","ping_status":"open","sticky":false,"template":"","format":"standard","meta":{"_jetpack_memberships_contains_paid_content":false,"footnotes":""},"categories":[5],"tags":[],"class_list":["post-74045","post","type-post","status-publish","format-standard","has-post-thumbnail","","category-noticias"],"jetpack_sharing_enabled":true,"jetpack_featured_media_url":"https:\/\/mickyandoniehn.com\/radio\/wp-content\/uploads\/2024\/07\/foto_0000000220240704135912-zp1YPy.jpeg","_links":{"self":[{"href":"https:\/\/mickyandoniehn.com\/radio\/wp-json\/wp\/v2\/posts\/74045","targetHints":{"allow":["GET"]}}],"collection":[{"href":"https:\/\/mickyandoniehn.com\/radio\/wp-json\/wp\/v2\/posts"}],"about":[{"href":"https:\/\/mickyandoniehn.com\/radio\/wp-json\/wp\/v2\/types\/post"}],"replies":[{"embeddable":true,"href":"https:\/\/mickyandoniehn.com\/radio\/wp-json\/wp\/v2\/comments?post=74045"}],"version-history":[{"count":0,"href":"https:\/\/mickyandoniehn.com\/radio\/wp-json\/wp\/v2\/posts\/74045\/revisions"}],"wp:featuredmedia":[{"embeddable":true,"href":"https:\/\/mickyandoniehn.com\/radio\/wp-json\/wp\/v2\/media\/74046"}],"wp:attachment":[{"href":"https:\/\/mickyandoniehn.com\/radio\/wp-json\/wp\/v2\/media?parent=74045"}],"wp:term":[{"taxonomy":"category","embeddable":true,"href":"https:\/\/mickyandoniehn.com\/radio\/wp-json\/wp\/v2\/categories?post=74045"},{"taxonomy":"post_tag","embeddable":true,"href":"https:\/\/mickyandoniehn.com\/radio\/wp-json\/wp\/v2\/tags?post=74045"}],"curies":[{"name":"wp","href":"https:\/\/api.w.org\/{rel}","templated":true}]}}