{"id":73994,"date":"2024-07-04T14:13:16","date_gmt":"2024-07-04T20:13:16","guid":{"rendered":"http:\/\/mickyandoniehn.com\/radio\/2024\/07\/04\/lluvias-en-el-oriente-centro-sur-y-occidente-del-pais-debido-al-huracan-beryl\/"},"modified":"2024-07-04T14:13:16","modified_gmt":"2024-07-04T20:13:16","slug":"lluvias-en-el-oriente-centro-sur-y-occidente-del-pais-debido-al-huracan-beryl","status":"publish","type":"post","link":"https:\/\/mickyandoniehn.com\/radio\/2024\/07\/04\/lluvias-en-el-oriente-centro-sur-y-occidente-del-pais-debido-al-huracan-beryl\/","title":{"rendered":"Lluvias en el oriente, centro, sur y occidente del pa\u00eds debido al hurac\u00e1n Beryl"},"content":{"rendered":"<\/p>\n<p>04.07.2024<\/p>\n<p>El hurac\u00e1n Beryl ser\u00e1 degradado a categor\u00eda 2 la tarde de este jueves y provocar\u00e1 lluvias indirectas en la regi\u00f3n de Honduras, seg\u00fan inform\u00f3 la Secretar\u00eda Nacional para la Gesti\u00f3n y Contigencias(Copeco).<\/p>\n<p>Se inform\u00f3 por parte de la instituci\u00f3n que, el ojo del hurac\u00e1n se ubica a 460 kil\u00f3metros al noreste de Cabo Camar\u00f3n en el departamento de Col\u00f3n y a 420 kil\u00f3metros al noreste de Barra Patuca, Gracias a Dios.<\/p>\n<p>El descenso se producir\u00eda al suroeste de las Islas Caim\u00e1n.<\/p>\n<p>Beryl tendra influencia en el pa\u00eds desde el mediod\u00eda de este jueves al viernes, provocando as\u00ed lluvias y tormentas el\u00e9ctricas de moderadas a fuertes en El Para\u00edso, Choluteca, Valle, La Paz, Francisco Moraz\u00e1n, Olancho sur y las zonas de Lempira, Intibuc\u00e1 y Gracias a Dios.<\/p>\n<p>En el caso de otras provincias, se esperan lluvias de ligeras a moderadas.<\/p>\n<p>Hasta el viernes por la ma\u00f1ana, la tormenta estar\u00eda a 60 kil\u00f3metros al este de la costa del estado mexicano de Quintana Roo y continuar\u00eda desarroll\u00e1ndose hasta convertirse en tormenta tropical.<\/p>\n<p>Fuente: Proceso.hn<\/p>\n<p>\u00a0<\/p>\n","protected":false},"excerpt":{"rendered":"<p>04.07.2024 El hurac\u00e1n Beryl ser\u00e1 degradado a categor\u00eda 2 la tarde de este jueves y provocar\u00e1 lluvias indirectas en la regi\u00f3n de Honduras, seg\u00fan inform\u00f3 la Secretar\u00eda Nacional para la Gesti\u00f3n y Contigencias(Copeco). Se inform\u00f3 por parte de la instituci\u00f3n que, el ojo del hurac\u00e1n se ubica a 460 kil\u00f3metros al noreste de Cabo Camar\u00f3n &hellip;<\/p>\n","protected":false},"author":0,"featured_media":73995,"comment_status":"open","ping_status":"open","sticky":false,"template":"","format":"standard","meta":{"_jetpack_memberships_contains_paid_content":false,"footnotes":""},"categories":[5],"tags":[],"class_list":["post-73994","post","type-post","status-publish","format-standard","has-post-thumbnail","","category-noticias"],"jetpack_sharing_enabled":true,"jetpack_featured_media_url":"https:\/\/mickyandoniehn.com\/radio\/wp-content\/uploads\/2024\/07\/huracan-Beryl-5-696x445-AFdDYn.jpeg","_links":{"self":[{"href":"https:\/\/mickyandoniehn.com\/radio\/wp-json\/wp\/v2\/posts\/73994","targetHints":{"allow":["GET"]}}],"collection":[{"href":"https:\/\/mickyandoniehn.com\/radio\/wp-json\/wp\/v2\/posts"}],"about":[{"href":"https:\/\/mickyandoniehn.com\/radio\/wp-json\/wp\/v2\/types\/post"}],"replies":[{"embeddable":true,"href":"https:\/\/mickyandoniehn.com\/radio\/wp-json\/wp\/v2\/comments?post=73994"}],"version-history":[{"count":0,"href":"https:\/\/mickyandoniehn.com\/radio\/wp-json\/wp\/v2\/posts\/73994\/revisions"}],"wp:featuredmedia":[{"embeddable":true,"href":"https:\/\/mickyandoniehn.com\/radio\/wp-json\/wp\/v2\/media\/73995"}],"wp:attachment":[{"href":"https:\/\/mickyandoniehn.com\/radio\/wp-json\/wp\/v2\/media?parent=73994"}],"wp:term":[{"taxonomy":"category","embeddable":true,"href":"https:\/\/mickyandoniehn.com\/radio\/wp-json\/wp\/v2\/categories?post=73994"},{"taxonomy":"post_tag","embeddable":true,"href":"https:\/\/mickyandoniehn.com\/radio\/wp-json\/wp\/v2\/tags?post=73994"}],"curies":[{"name":"wp","href":"https:\/\/api.w.org\/{rel}","templated":true}]}}