{"id":73816,"date":"2024-06-30T13:12:43","date_gmt":"2024-06-30T19:12:43","guid":{"rendered":"http:\/\/mickyandoniehn.com\/radio\/2024\/06\/30\/alerta-amarilla-extendida-a-seis-departamentos-y-verde-para-siete-departamentos\/"},"modified":"2024-06-30T13:12:43","modified_gmt":"2024-06-30T19:12:43","slug":"alerta-amarilla-extendida-a-seis-departamentos-y-verde-para-siete-departamentos","status":"publish","type":"post","link":"https:\/\/mickyandoniehn.com\/radio\/2024\/06\/30\/alerta-amarilla-extendida-a-seis-departamentos-y-verde-para-siete-departamentos\/","title":{"rendered":"Alerta Amarilla extendida a seis departamentos y Verde para siete departamentos"},"content":{"rendered":"<\/p>\n<p>30.06.2024<\/p>\n<p>La Secretar\u00eda de Estado en los Despachos de Gesti\u00f3n de Riesgos y Contingencias Nacionales (COPECO), anunci\u00f3 que se extiende la Alerta Amarilla para los departamentos, de Cop\u00e1n, Ocotepeque, Intibuc\u00e1, Lempira, Francisco Moraz\u00e1n y Valle; y la Alerta Verde destinado para Cort\u00e9s, Santa B\u00e1rbara, La Paz, Comayagua, Choluteca, El Para\u00edso y Olancho.<\/p>\n<p>Las alertas se deben por algunos da\u00f1os, alto grado de humedad y por la influencia del sistema de baja presi\u00f3n en la zona suroccidental y sur del pa\u00eds que dejar\u00e1 m\u00e1s lluvias.<\/p>\n<p>Seg\u00fan el informe las lluvias tienden a la baja en el pa\u00eds para las pr\u00f3ximas horas, por tanto, las autoridades piden a la poblaci\u00f3n hondure\u00f1a a continuar con las medidas de prevenci\u00f3n.<\/p>\n<p>Cabe destacar que los expertos en clima se\u00f1alaron que la convergencia de viento y humedad provenientes del mar Caribe y oc\u00e9ano Pac\u00edfico, producir\u00e1 lluvias y chubascos d\u00e9biles en la mayor parte del pa\u00eds.<\/p>\n<p>\u201cCon mayor intensidad y actividad el\u00e9ctrica en sectores de la regi\u00f3n occidental, cuyos montos m\u00e1ximos ser\u00e1n de 50 a 80 mil\u00edmetros en las zonas monta\u00f1osas\u201d, puntualiz\u00f3 el informe.<\/p>\n<p>Ante la presencia de Hurac\u00e1n Beryl, la Secretar\u00eda se mantiene en constante monitoreo y vigilancia del desarrollo, para informar de manera objetiva, oportuna y oficial a trav\u00e9s de sus plataformas oficiales.<\/p>\n<p>Fuente: Hondudiario.com<\/p>\n","protected":false},"excerpt":{"rendered":"<p>30.06.2024 La Secretar\u00eda de Estado en los Despachos de Gesti\u00f3n de Riesgos y Contingencias Nacionales (COPECO), anunci\u00f3 que se extiende la Alerta Amarilla para los departamentos, de Cop\u00e1n, Ocotepeque, Intibuc\u00e1, Lempira, Francisco Moraz\u00e1n y Valle; y la Alerta Verde destinado para Cort\u00e9s, Santa B\u00e1rbara, La Paz, Comayagua, Choluteca, El Para\u00edso y Olancho. Las alertas se &hellip;<\/p>\n","protected":false},"author":0,"featured_media":73817,"comment_status":"open","ping_status":"open","sticky":false,"template":"","format":"standard","meta":{"_jetpack_memberships_contains_paid_content":false,"footnotes":""},"categories":[5],"tags":[],"class_list":["post-73816","post","type-post","status-publish","format-standard","has-post-thumbnail","","category-noticias"],"jetpack_sharing_enabled":true,"jetpack_featured_media_url":"https:\/\/mickyandoniehn.com\/radio\/wp-content\/uploads\/2024\/06\/FotoJet-2024-06-21T093018.600-nrDugv.png","_links":{"self":[{"href":"https:\/\/mickyandoniehn.com\/radio\/wp-json\/wp\/v2\/posts\/73816","targetHints":{"allow":["GET"]}}],"collection":[{"href":"https:\/\/mickyandoniehn.com\/radio\/wp-json\/wp\/v2\/posts"}],"about":[{"href":"https:\/\/mickyandoniehn.com\/radio\/wp-json\/wp\/v2\/types\/post"}],"replies":[{"embeddable":true,"href":"https:\/\/mickyandoniehn.com\/radio\/wp-json\/wp\/v2\/comments?post=73816"}],"version-history":[{"count":0,"href":"https:\/\/mickyandoniehn.com\/radio\/wp-json\/wp\/v2\/posts\/73816\/revisions"}],"wp:featuredmedia":[{"embeddable":true,"href":"https:\/\/mickyandoniehn.com\/radio\/wp-json\/wp\/v2\/media\/73817"}],"wp:attachment":[{"href":"https:\/\/mickyandoniehn.com\/radio\/wp-json\/wp\/v2\/media?parent=73816"}],"wp:term":[{"taxonomy":"category","embeddable":true,"href":"https:\/\/mickyandoniehn.com\/radio\/wp-json\/wp\/v2\/categories?post=73816"},{"taxonomy":"post_tag","embeddable":true,"href":"https:\/\/mickyandoniehn.com\/radio\/wp-json\/wp\/v2\/tags?post=73816"}],"curies":[{"name":"wp","href":"https:\/\/api.w.org\/{rel}","templated":true}]}}