{"id":73632,"date":"2024-06-25T14:12:47","date_gmt":"2024-06-25T20:12:47","guid":{"rendered":"https:\/\/mickyandoniehn.com\/radio\/2024\/06\/25\/ingreso-de-onda-tropical-este-martes-dejara-mas-lluvias-en-honduras-advierte-copeco\/"},"modified":"2024-06-25T14:12:47","modified_gmt":"2024-06-25T20:12:47","slug":"ingreso-de-onda-tropical-este-martes-dejara-mas-lluvias-en-honduras-advierte-copeco","status":"publish","type":"post","link":"https:\/\/mickyandoniehn.com\/radio\/2024\/06\/25\/ingreso-de-onda-tropical-este-martes-dejara-mas-lluvias-en-honduras-advierte-copeco\/","title":{"rendered":"Ingreso de onda tropical este martes dejar\u00e1 m\u00e1s lluvias en Honduras, advierte Copeco"},"content":{"rendered":"<\/p>\n<p>25.06.2024<\/p>\n<p><strong>Tegucigalpa<\/strong>\u00a0\u2013 La Secretar\u00eda de Gesti\u00f3n de Riesgos y Contingencias Nacionales (Copeco) inform\u00f3 que este martes ingresa una nueva onda tropical en horas de la noche y que junto a una vaguada estar\u00e1 dejando lluvias en el pa\u00eds por las pr\u00f3ximas 48 horas.<\/p>\n<p>Seg\u00fan el Centro de Estudios Atmosf\u00e9ricos Oceanogr\u00e1ficos y S\u00edsmicos (Cenaos), la onda tropical ingresar\u00eda por la zona oriental en horas de la noche y que afectar\u00eda hasta el mi\u00e9rcoles.<\/p>\n<p>Esto generar\u00e1 lluvias y chubascos d\u00e9biles a moderados, acompa\u00f1ados de actividad el\u00e9ctrica, en la mayor parte del territorio nacional, mientras que la vaguada en altura permanecer\u00eda hasta el jueves en horas de la ma\u00f1ana.<\/p>\n<p>La onda tropical que interactuar\u00eda con la vaguada en altura, estar\u00edan dejando montos de precipitaciones m\u00e1ximos de 40 a 60 mil\u00edmetros en sectores monta\u00f1osos del occidente; de 30 a 50 mm en sectores monta\u00f1osos de la regi\u00f3n sur y de 10 a 20 de las zonas central, oriental y norte.<\/p>\n<p>Copeco pidi\u00f3 a la poblaci\u00f3n que habita en zonas vulnerables a deslizamientos, derrumbes, deslaves, hundimientos, inundaciones y a orillas de los r\u00edos, que monitoreen las lluvias y evacuen ante una amenaza.<\/p>\n<p>Asimismo, que no crucen r\u00edos, vados, quebradas y riachuelos con alto caudal.<\/p>\n<p>Ante los vientos racheados, recomend\u00f3 que asegure techos, mantenga limpio las canaletas, desag\u00fces, cunetas y tragantes para evitar inundaciones.<\/p>\n<p>Fuente: Proceso Digital HN<\/p>\n","protected":false},"excerpt":{"rendered":"<p>25.06.2024 Tegucigalpa\u00a0\u2013 La Secretar\u00eda de Gesti\u00f3n de Riesgos y Contingencias Nacionales (Copeco) inform\u00f3 que este martes ingresa una nueva onda tropical en horas de la noche y que junto a una vaguada estar\u00e1 dejando lluvias en el pa\u00eds por las pr\u00f3ximas 48 horas. Seg\u00fan el Centro de Estudios Atmosf\u00e9ricos Oceanogr\u00e1ficos y S\u00edsmicos (Cenaos), la onda &hellip;<\/p>\n","protected":false},"author":0,"featured_media":73633,"comment_status":"open","ping_status":"open","sticky":false,"template":"","format":"standard","meta":{"_jetpack_memberships_contains_paid_content":false,"footnotes":""},"categories":[5],"tags":[],"class_list":["post-73632","post","type-post","status-publish","format-standard","has-post-thumbnail","","category-noticias"],"jetpack_sharing_enabled":true,"jetpack_featured_media_url":"https:\/\/mickyandoniehn.com\/radio\/wp-content\/uploads\/2024\/06\/onda-tropical-696x465-Rr07GF.jpeg","_links":{"self":[{"href":"https:\/\/mickyandoniehn.com\/radio\/wp-json\/wp\/v2\/posts\/73632","targetHints":{"allow":["GET"]}}],"collection":[{"href":"https:\/\/mickyandoniehn.com\/radio\/wp-json\/wp\/v2\/posts"}],"about":[{"href":"https:\/\/mickyandoniehn.com\/radio\/wp-json\/wp\/v2\/types\/post"}],"replies":[{"embeddable":true,"href":"https:\/\/mickyandoniehn.com\/radio\/wp-json\/wp\/v2\/comments?post=73632"}],"version-history":[{"count":0,"href":"https:\/\/mickyandoniehn.com\/radio\/wp-json\/wp\/v2\/posts\/73632\/revisions"}],"wp:featuredmedia":[{"embeddable":true,"href":"https:\/\/mickyandoniehn.com\/radio\/wp-json\/wp\/v2\/media\/73633"}],"wp:attachment":[{"href":"https:\/\/mickyandoniehn.com\/radio\/wp-json\/wp\/v2\/media?parent=73632"}],"wp:term":[{"taxonomy":"category","embeddable":true,"href":"https:\/\/mickyandoniehn.com\/radio\/wp-json\/wp\/v2\/categories?post=73632"},{"taxonomy":"post_tag","embeddable":true,"href":"https:\/\/mickyandoniehn.com\/radio\/wp-json\/wp\/v2\/tags?post=73632"}],"curies":[{"name":"wp","href":"https:\/\/api.w.org\/{rel}","templated":true}]}}