{"id":73624,"date":"2024-06-25T14:12:38","date_gmt":"2024-06-25T20:12:38","guid":{"rendered":"https:\/\/mickyandoniehn.com\/radio\/2024\/06\/25\/camavinga-hereda-el-6-de-nacho\/"},"modified":"2024-06-25T14:12:38","modified_gmt":"2024-06-25T20:12:38","slug":"camavinga-hereda-el-6-de-nacho","status":"publish","type":"post","link":"https:\/\/mickyandoniehn.com\/radio\/2024\/06\/25\/camavinga-hereda-el-6-de-nacho\/","title":{"rendered":"Camavinga hereda el 6 de Nacho"},"content":{"rendered":"<\/p>\n<p>25.06.2024<\/p>\n<p><strong>Donaueschingen (Alemania)<\/strong>\u2013 El adi\u00f3s de Nacho Fern\u00e1ndez al Real Madrid ha provocado un aluvi\u00f3n de mensajes en redes sociales, entre ellos el de admiraci\u00f3n del centrocampista franc\u00e9s Eduardo Camavinga, al que el \u00faltimo capit\u00e1n madridista le cedi\u00f3 p\u00fablicamente el dorsal 6, como Toni Kroos hizo antes con el 8 para Fede Valverde.<\/p>\n<p>\u00abEl hombre tiene un solo club, mi capit\u00e1n y un ejemplo para todos. Un placer haber jugado a tu lado. Te deseo lo mejor para la continuaci\u00f3n a ti y a tu familia. \u00bfAhora puedes ayudarme?\u00bb, escribi\u00f3 Camavinga haciendo un esfuerzo con su castellano y acabando su mensaje con emoticono de una cara llorando de risa.<\/p>\n<p>Junto al texto de la publicaci\u00f3n a\u00f1adi\u00f3 dos fotos el centrocampista franc\u00e9s, una posando con Nacho en un entrenamiento en la Ciudad Real Madrid y otra celebrando de forma efusiva un gol juntos.<\/p>\n<p>Nacho respondi\u00f3 en pleno viaje de vuelta de la selecci\u00f3n espa\u00f1ola desde D\u00fcsseldorf a su campo base en Donaueschingen, y desvel\u00f3 que el dorsal 6 ya tiene nuevo due\u00f1o. \u00abTe puedo ayudar a que cojas el 6. Gracias mi Cama\u00bb.<\/p>\n<p>El baile de n\u00fameros de la plantilla del Real Madrid ya se inici\u00f3 cuando el alem\u00e1n Kroos anunci\u00f3 en la primera celebraci\u00f3n de t\u00edtulo, con la conquista de LaLiga, que el 8 pasaba a manos del uruguayo Fede Valverde, que portaba el 15, y ahora Camavinga dejar\u00e1 libre el 12 para ser el nuevo 6.<\/p>\n<p>Todo apunta a que el 9 est\u00e1 reservado para el franc\u00e9s Kylian Mbapp\u00e9 y que el primer n\u00famero del brasile\u00f1o Endrick estar\u00e1 entre el 15 y el 16.<\/p>\n<p>Fuente: EFE<\/p>\n<p>\u00a0<\/p>\n","protected":false},"excerpt":{"rendered":"<p>25.06.2024 Donaueschingen (Alemania)\u2013 El adi\u00f3s de Nacho Fern\u00e1ndez al Real Madrid ha provocado un aluvi\u00f3n de mensajes en redes sociales, entre ellos el de admiraci\u00f3n del centrocampista franc\u00e9s Eduardo Camavinga, al que el \u00faltimo capit\u00e1n madridista le cedi\u00f3 p\u00fablicamente el dorsal 6, como Toni Kroos hizo antes con el 8 para Fede Valverde. \u00abEl hombre &hellip;<\/p>\n","protected":false},"author":0,"featured_media":73625,"comment_status":"open","ping_status":"open","sticky":false,"template":"","format":"standard","meta":{"_jetpack_memberships_contains_paid_content":false,"footnotes":""},"categories":[5],"tags":[],"class_list":["post-73624","post","type-post","status-publish","format-standard","has-post-thumbnail","","category-noticias"],"jetpack_sharing_enabled":true,"jetpack_featured_media_url":"https:\/\/mickyandoniehn.com\/radio\/wp-content\/uploads\/2024\/06\/Camavinga-696x486-1-ST8KmI.webp","_links":{"self":[{"href":"https:\/\/mickyandoniehn.com\/radio\/wp-json\/wp\/v2\/posts\/73624","targetHints":{"allow":["GET"]}}],"collection":[{"href":"https:\/\/mickyandoniehn.com\/radio\/wp-json\/wp\/v2\/posts"}],"about":[{"href":"https:\/\/mickyandoniehn.com\/radio\/wp-json\/wp\/v2\/types\/post"}],"replies":[{"embeddable":true,"href":"https:\/\/mickyandoniehn.com\/radio\/wp-json\/wp\/v2\/comments?post=73624"}],"version-history":[{"count":0,"href":"https:\/\/mickyandoniehn.com\/radio\/wp-json\/wp\/v2\/posts\/73624\/revisions"}],"wp:featuredmedia":[{"embeddable":true,"href":"https:\/\/mickyandoniehn.com\/radio\/wp-json\/wp\/v2\/media\/73625"}],"wp:attachment":[{"href":"https:\/\/mickyandoniehn.com\/radio\/wp-json\/wp\/v2\/media?parent=73624"}],"wp:term":[{"taxonomy":"category","embeddable":true,"href":"https:\/\/mickyandoniehn.com\/radio\/wp-json\/wp\/v2\/categories?post=73624"},{"taxonomy":"post_tag","embeddable":true,"href":"https:\/\/mickyandoniehn.com\/radio\/wp-json\/wp\/v2\/tags?post=73624"}],"curies":[{"name":"wp","href":"https:\/\/api.w.org\/{rel}","templated":true}]}}