{"id":73622,"date":"2024-06-25T14:12:36","date_gmt":"2024-06-25T20:12:36","guid":{"rendered":"https:\/\/mickyandoniehn.com\/radio\/2024\/06\/25\/reportan-hasta-3-ninos-por-cama-en-la-emergencia-del-hospital-escuela\/"},"modified":"2024-06-25T14:12:36","modified_gmt":"2024-06-25T20:12:36","slug":"reportan-hasta-3-ninos-por-cama-en-la-emergencia-del-hospital-escuela","status":"publish","type":"post","link":"https:\/\/mickyandoniehn.com\/radio\/2024\/06\/25\/reportan-hasta-3-ninos-por-cama-en-la-emergencia-del-hospital-escuela\/","title":{"rendered":"Reportan hasta 3 ni\u00f1os por cama en la emergencia del Hospital Escuela"},"content":{"rendered":"<\/p>\n<p>25.06.2024<\/p>\n<p><strong>Tegucigalpa \u2013<\/strong>\u00a0Aunque todos los d\u00edas hay menores que reciben el alta m\u00e9dica y tambi\u00e9n se habilit\u00f3 una nueva sala o triaje, hay momentos en los que en la emergencia del Hospital Escuela se han registrado hasta tres d\u00edas por cama.<\/p>\n<p>As\u00ed lo se\u00f1al\u00f3 hoy el pediatra Dar\u00edo Z\u00fa\u00f1iga quien particip\u00f3 en un foro televisivo matutino y revel\u00f3 que la situaci\u00f3n es ca\u00f3tica en ese centro asistencial del pa\u00eds.<\/p>\n<p>\u201cLa situaci\u00f3n es ca\u00f3tica, se han reportado hasta 3 ni\u00f1os por cama en la emergencia del Hospital Escuela\u201d, expres\u00f3 el especialista.<\/p>\n<p>Justo ayer se registr\u00f3 una aglomeraci\u00f3n de pacientes, pero tres ni\u00f1os por cama no es una situaci\u00f3n permanente ya que se mueven los pacientes y otros reciben el alta m\u00e9dica, agreg\u00f3 el galeno.<\/p>\n<p>\u00a0Destac\u00f3 que han emprendido acciones como habilitar una sala m\u00e1s para atender pacientes con s\u00edntomas de dengue.<\/p>\n<p>Sin embargo, todo lo anterior solo refleja un aumento acelerado en el n\u00famero de casos positivos de dengue.<\/p>\n<p>Ejemplific\u00f3 que cada pediatra atiende al menos cinco casos de dengue a diario.<\/p>\n<p>En la capital del pa\u00eds se registran m\u00e1s de 7 mil casos de\u00a0dengue\u00a0en el presente a\u00f1o, una cifra at\u00edpica si se toma en cuenta que los meses de mayor incidencia de esta enfermedad a\u00fan no inician.<\/p>\n<p>En todo el pa\u00eds rondan en 30 mil los casos de\u00a0dengue, los m\u00e1s afectados siguen siendo los menores y los j\u00f3venes.<\/p>\n<p>Fuente: Proceso Digital HN<\/p>\n","protected":false},"excerpt":{"rendered":"<p>25.06.2024 Tegucigalpa \u2013\u00a0Aunque todos los d\u00edas hay menores que reciben el alta m\u00e9dica y tambi\u00e9n se habilit\u00f3 una nueva sala o triaje, hay momentos en los que en la emergencia del Hospital Escuela se han registrado hasta tres d\u00edas por cama. As\u00ed lo se\u00f1al\u00f3 hoy el pediatra Dar\u00edo Z\u00fa\u00f1iga quien particip\u00f3 en un foro televisivo &hellip;<\/p>\n","protected":false},"author":0,"featured_media":73623,"comment_status":"open","ping_status":"open","sticky":false,"template":"","format":"standard","meta":{"_jetpack_memberships_contains_paid_content":false,"footnotes":""},"categories":[5],"tags":[],"class_list":["post-73622","post","type-post","status-publish","format-standard","has-post-thumbnail","","category-noticias"],"jetpack_sharing_enabled":true,"jetpack_featured_media_url":"https:\/\/mickyandoniehn.com\/radio\/wp-content\/uploads\/2024\/06\/dengue-3-696x412-f3JLPP.jpeg","_links":{"self":[{"href":"https:\/\/mickyandoniehn.com\/radio\/wp-json\/wp\/v2\/posts\/73622","targetHints":{"allow":["GET"]}}],"collection":[{"href":"https:\/\/mickyandoniehn.com\/radio\/wp-json\/wp\/v2\/posts"}],"about":[{"href":"https:\/\/mickyandoniehn.com\/radio\/wp-json\/wp\/v2\/types\/post"}],"replies":[{"embeddable":true,"href":"https:\/\/mickyandoniehn.com\/radio\/wp-json\/wp\/v2\/comments?post=73622"}],"version-history":[{"count":0,"href":"https:\/\/mickyandoniehn.com\/radio\/wp-json\/wp\/v2\/posts\/73622\/revisions"}],"wp:featuredmedia":[{"embeddable":true,"href":"https:\/\/mickyandoniehn.com\/radio\/wp-json\/wp\/v2\/media\/73623"}],"wp:attachment":[{"href":"https:\/\/mickyandoniehn.com\/radio\/wp-json\/wp\/v2\/media?parent=73622"}],"wp:term":[{"taxonomy":"category","embeddable":true,"href":"https:\/\/mickyandoniehn.com\/radio\/wp-json\/wp\/v2\/categories?post=73622"},{"taxonomy":"post_tag","embeddable":true,"href":"https:\/\/mickyandoniehn.com\/radio\/wp-json\/wp\/v2\/tags?post=73622"}],"curies":[{"name":"wp","href":"https:\/\/api.w.org\/{rel}","templated":true}]}}