{"id":73560,"date":"2024-06-23T09:12:40","date_gmt":"2024-06-23T15:12:40","guid":{"rendered":"http:\/\/mickyandoniehn.com\/radio\/2024\/06\/23\/ana-jurka-se-une-a-fox-sports-para-la-copa-america\/"},"modified":"2024-06-23T09:12:40","modified_gmt":"2024-06-23T15:12:40","slug":"ana-jurka-se-une-a-fox-sports-para-la-copa-america","status":"publish","type":"post","link":"https:\/\/mickyandoniehn.com\/radio\/2024\/06\/23\/ana-jurka-se-une-a-fox-sports-para-la-copa-america\/","title":{"rendered":"Ana Jurka se une a Fox Sports para la Copa Am\u00e9rica"},"content":{"rendered":"<\/p>\n<p>23.06.2024<\/p>\n<p>\u00a1Una catracha que contin\u00faa siendo todo un orgullo para Honduras! La talentosa hondure\u00f1a Ana Jurka ha compartido la excelente noticia de que se unir\u00e1 a la importante cadena de televisi\u00f3n Fox Sports, espec\u00edficamente para cubrir la Copa Am\u00e9rica este verano.<\/p>\n<p>A finales del a\u00f1o 2023, Ana Jurka anunci\u00f3 su decisi\u00f3n de abandonar la cadena Telemundo, donde trabaj\u00f3 durante 10 a\u00f1os. Sin embargo, no dej\u00f3 de triunfar, creando su propio programa llamado \u00abEl Desmoder\u00bb junto a Karim Mendiburu.<\/p>\n<p>Ahora, Ana Jurka nos sorprende con la emocionante noticia de su nuevo proyecto en Fox Sports. \u00abFeliz de anunciarles que me unir\u00e9 a la cobertura de Fox Sports para la #CopaAmerica este verano, como reportera dedicada a seguir al Campe\u00f3n del Mundo Argentina\u00bb, comparti\u00f3 en sus redes sociales.<\/p>\n<p>Este nuevo paso en su carrera representa un reconocimiento a su talento y dedicaci\u00f3n, consolid\u00e1ndose como una figura destacada en el periodismo deportivo a nivel internacional.<\/p>\n<p>Fuente: Diario Roat\u00e1n<\/p>\n","protected":false},"excerpt":{"rendered":"<p>23.06.2024 \u00a1Una catracha que contin\u00faa siendo todo un orgullo para Honduras! La talentosa hondure\u00f1a Ana Jurka ha compartido la excelente noticia de que se unir\u00e1 a la importante cadena de televisi\u00f3n Fox Sports, espec\u00edficamente para cubrir la Copa Am\u00e9rica este verano. A finales del a\u00f1o 2023, Ana Jurka anunci\u00f3 su decisi\u00f3n de abandonar la cadena &hellip;<\/p>\n","protected":false},"author":0,"featured_media":73561,"comment_status":"open","ping_status":"open","sticky":false,"template":"","format":"standard","meta":{"_jetpack_memberships_contains_paid_content":false,"footnotes":""},"categories":[5],"tags":[],"class_list":["post-73560","post","type-post","status-publish","format-standard","has-post-thumbnail","","category-noticias"],"jetpack_sharing_enabled":true,"jetpack_featured_media_url":"https:\/\/mickyandoniehn.com\/radio\/wp-content\/uploads\/2024\/06\/414252085-916304723200447-122501335343_7241703_20240415192438-RJpkUL.jpeg","_links":{"self":[{"href":"https:\/\/mickyandoniehn.com\/radio\/wp-json\/wp\/v2\/posts\/73560","targetHints":{"allow":["GET"]}}],"collection":[{"href":"https:\/\/mickyandoniehn.com\/radio\/wp-json\/wp\/v2\/posts"}],"about":[{"href":"https:\/\/mickyandoniehn.com\/radio\/wp-json\/wp\/v2\/types\/post"}],"replies":[{"embeddable":true,"href":"https:\/\/mickyandoniehn.com\/radio\/wp-json\/wp\/v2\/comments?post=73560"}],"version-history":[{"count":0,"href":"https:\/\/mickyandoniehn.com\/radio\/wp-json\/wp\/v2\/posts\/73560\/revisions"}],"wp:featuredmedia":[{"embeddable":true,"href":"https:\/\/mickyandoniehn.com\/radio\/wp-json\/wp\/v2\/media\/73561"}],"wp:attachment":[{"href":"https:\/\/mickyandoniehn.com\/radio\/wp-json\/wp\/v2\/media?parent=73560"}],"wp:term":[{"taxonomy":"category","embeddable":true,"href":"https:\/\/mickyandoniehn.com\/radio\/wp-json\/wp\/v2\/categories?post=73560"},{"taxonomy":"post_tag","embeddable":true,"href":"https:\/\/mickyandoniehn.com\/radio\/wp-json\/wp\/v2\/tags?post=73560"}],"curies":[{"name":"wp","href":"https:\/\/api.w.org\/{rel}","templated":true}]}}