{"id":73493,"date":"2024-06-21T14:12:34","date_gmt":"2024-06-21T20:12:34","guid":{"rendered":"http:\/\/mickyandoniehn.com\/radio\/2024\/06\/21\/apple-pospone-el-lanzamiento-de-funciones-de-ia-en-europa\/"},"modified":"2024-06-21T14:12:34","modified_gmt":"2024-06-21T20:12:34","slug":"apple-pospone-el-lanzamiento-de-funciones-de-ia-en-europa","status":"publish","type":"post","link":"https:\/\/mickyandoniehn.com\/radio\/2024\/06\/21\/apple-pospone-el-lanzamiento-de-funciones-de-ia-en-europa\/","title":{"rendered":"Apple pospone el lanzamiento de funciones de IA en Europa"},"content":{"rendered":"<\/p>\n<p>21.06.2024<\/p>\n<p class=\"mb-6\"><em><strong><span class=\"city\">Washington<\/span>,\u00a0<span class=\"country\">Estados Unidos.-<\/span><\/strong><\/em>Apple anunci\u00f3 el viernes que pospone indefinidamente el lanzamiento de su sistema de inteligencia artificial (IA) generativa en la Uni\u00f3n Europea debido a \u201cincertidumbres regulatorias\u201d vinculadas al Reglamento de Mercados Digitales (DMA), seg\u00fan una portavoz.<\/p>\n<p class=\"mb-6\">El grupo est\u00e1 preocupado por las obligaciones establecidas por el DMA en materia de interoperabilidad, que deber\u00edan permitir la comunicaci\u00f3n entre diferentes plataformas y sistemas de mensajer\u00eda pero que, seg\u00fan Apple, podr\u00edan suponer un riesgo para la seguridad y la protecci\u00f3n de los datos personales.<\/p>\n<p class=\"mb-6\">A principios de junio, Apple present\u00f3 Apple Intelligence, un nuevo paquete de funciones destinado a optimizar el uso de sus dispositivos gracias a la IA generativa.<\/p>\n<p class=\"mb-6\">La IA generativa permite crear contenidos en texto, imagen o sonido a partir de una simple instrucci\u00f3n formulada en lenguaje cotidiano, u obtener respuestas detalladas a preguntas.<\/p>\n<p class=\"mb-6\">Con Apple Intelligence ahora es posible crear tu propio emoji personalizado o encontrar una foto en tus \u00e1lbumes describi\u00e9ndola oralmente.<\/p>\n<p class=\"mb-6\">El grupo trata as\u00ed de ponerse al d\u00eda en el campo de la IA generativa, en el que varios de sus principales competidores ya ofrecen desde hace varios meses productos que incorporan esta tecnolog\u00eda.<\/p>\n<p class=\"mb-6\">En la presentaci\u00f3n de Apple Intelligence, la empresa hizo hincapi\u00e9 en la seguridad de su sistema, una de sus principales preocupaciones desde hace d\u00e9cadas.<\/p>\n<p class=\"mb-6\">El propietario de un iPhone equipado con Apple Intelligence podr\u00e1 aprovechar la potencia de c\u00e1lculo de servidores remotos (computaci\u00f3n en nube) y no estar\u00e1 limitado a las capacidades de su smartphone, sin que sus datos puedan ser almacenados o utilizados por terceros.<\/p>\n<div class=\"fs-dynamic\">\n<div>\n<p class=\"mb-6\">El DMA, que entr\u00f3 en vigor a principios de marzo, obliga a los gigantes tecnol\u00f3gicos a abrirse a la competencia.<\/p>\n<p class=\"mb-6\">La normativa apunta especialmente a Apple, que tendr\u00e1 que autorizar la instalaci\u00f3n de tiendas de aplicaciones distintas de su Apple Store en sus productos.<\/p>\n<p>Fuente: AFP<\/p>\n<\/div>\n<\/div><\/p>\n","protected":false},"excerpt":{"rendered":"<p>21.06.2024 Washington,\u00a0Estados Unidos.-Apple anunci\u00f3 el viernes que pospone indefinidamente el lanzamiento de su sistema de inteligencia artificial (IA) generativa en la Uni\u00f3n Europea debido a \u201cincertidumbres regulatorias\u201d vinculadas al Reglamento de Mercados Digitales (DMA), seg\u00fan una portavoz. El grupo est\u00e1 preocupado por las obligaciones establecidas por el DMA en materia de interoperabilidad, que deber\u00edan permitir &hellip;<\/p>\n","protected":false},"author":0,"featured_media":73494,"comment_status":"open","ping_status":"open","sticky":false,"template":"","format":"standard","meta":{"_jetpack_memberships_contains_paid_content":false,"footnotes":""},"categories":[5],"tags":[],"class_list":["post-73493","post","type-post","status-publish","format-standard","has-post-thumbnail","","category-noticias"],"jetpack_sharing_enabled":true,"jetpack_featured_media_url":"https:\/\/mickyandoniehn.com\/radio\/wp-content\/uploads\/2024\/06\/apple-lanzamiento-ia-u8U2oz.jpeg","_links":{"self":[{"href":"https:\/\/mickyandoniehn.com\/radio\/wp-json\/wp\/v2\/posts\/73493","targetHints":{"allow":["GET"]}}],"collection":[{"href":"https:\/\/mickyandoniehn.com\/radio\/wp-json\/wp\/v2\/posts"}],"about":[{"href":"https:\/\/mickyandoniehn.com\/radio\/wp-json\/wp\/v2\/types\/post"}],"replies":[{"embeddable":true,"href":"https:\/\/mickyandoniehn.com\/radio\/wp-json\/wp\/v2\/comments?post=73493"}],"version-history":[{"count":0,"href":"https:\/\/mickyandoniehn.com\/radio\/wp-json\/wp\/v2\/posts\/73493\/revisions"}],"wp:featuredmedia":[{"embeddable":true,"href":"https:\/\/mickyandoniehn.com\/radio\/wp-json\/wp\/v2\/media\/73494"}],"wp:attachment":[{"href":"https:\/\/mickyandoniehn.com\/radio\/wp-json\/wp\/v2\/media?parent=73493"}],"wp:term":[{"taxonomy":"category","embeddable":true,"href":"https:\/\/mickyandoniehn.com\/radio\/wp-json\/wp\/v2\/categories?post=73493"},{"taxonomy":"post_tag","embeddable":true,"href":"https:\/\/mickyandoniehn.com\/radio\/wp-json\/wp\/v2\/tags?post=73493"}],"curies":[{"name":"wp","href":"https:\/\/api.w.org\/{rel}","templated":true}]}}