{"id":73489,"date":"2024-06-21T13:12:38","date_gmt":"2024-06-21T19:12:38","guid":{"rendered":"https:\/\/mickyandoniehn.com\/radio\/2024\/06\/21\/mas-de-170-viviendas-inundadas-en-el-cubulero-reporta-alcalde-faustino-manzanares\/"},"modified":"2024-06-21T13:12:38","modified_gmt":"2024-06-21T19:12:38","slug":"mas-de-170-viviendas-inundadas-en-el-cubulero-reporta-alcalde-faustino-manzanares","status":"publish","type":"post","link":"https:\/\/mickyandoniehn.com\/radio\/2024\/06\/21\/mas-de-170-viviendas-inundadas-en-el-cubulero-reporta-alcalde-faustino-manzanares\/","title":{"rendered":"M\u00e1s de 170 viviendas inundadas en El Cubulero, reporta alcalde Faustino Manzanares"},"content":{"rendered":"<\/p>\n<p>21.06.2024<\/p>\n<p><strong>Tegucigalpa \u2013\u00a0<\/strong>Un total de 176 viviendas inundadas, un promedio de 880 familias afectadas en el sector de El Cubulero, report\u00f3 el edil de Alianza, Valle, sur de Honduras, Faustino Manzanares.<\/p>\n<p>Asimismo, dijo que se mantienen las 16 comunidades incomunicadas en esa zona del pa\u00eds producto de los niveles de los r\u00edos ante las constantes lluvias.<\/p>\n<p>El edil indic\u00f3 que el nivel del r\u00edo Goascor\u00e1n no baja su caudal porque las lluvias no cesan y las partes bajas del municipio ya presentan inundaciones por el desbordamiento del r\u00edo.<\/p>\n<p>Agreg\u00f3 que no se han hecho obras de mitigaci\u00f3n por lo que el agua ahora llega a lugares donde antes no llegaba.<\/p>\n<p>Asegur\u00f3 que estas inundaciones no se hab\u00edan visto desde el hurac\u00e1n Mitch y la tormenta Agatha.<\/p>\n<p>Indic\u00f3 que hay varias personas ya albergadas en uno de los centros comunales y otras familias que salieron y se albergaron donde otros parientes en las partes altas.<\/p>\n<p>Seg\u00fan las autoridades de meteorolog\u00eda las lluvias seguir\u00e1n en las pr\u00f3ximas horas registr\u00e1ndose en la zona sur y occidente del pa\u00eds con mayor fuerza, en el resto del territorio nacional se registrar\u00e1n lluvias moderadas.<strong><em>\u00a0<\/em><\/strong><\/p>\n<p>Fuente: Proceso Digital HN<\/p>\n","protected":false},"excerpt":{"rendered":"<p>21.06.2024 Tegucigalpa \u2013\u00a0Un total de 176 viviendas inundadas, un promedio de 880 familias afectadas en el sector de El Cubulero, report\u00f3 el edil de Alianza, Valle, sur de Honduras, Faustino Manzanares. Asimismo, dijo que se mantienen las 16 comunidades incomunicadas en esa zona del pa\u00eds producto de los niveles de los r\u00edos ante las constantes &hellip;<\/p>\n","protected":false},"author":0,"featured_media":73490,"comment_status":"open","ping_status":"open","sticky":false,"template":"","format":"standard","meta":{"_jetpack_memberships_contains_paid_content":false,"footnotes":""},"categories":[5],"tags":[],"class_list":["post-73489","post","type-post","status-publish","format-standard","has-post-thumbnail","","category-noticias"],"jetpack_sharing_enabled":true,"jetpack_featured_media_url":"https:\/\/mickyandoniehn.com\/radio\/wp-content\/uploads\/2024\/06\/CUBULERO-696x508-lHM3yn.jpeg","_links":{"self":[{"href":"https:\/\/mickyandoniehn.com\/radio\/wp-json\/wp\/v2\/posts\/73489","targetHints":{"allow":["GET"]}}],"collection":[{"href":"https:\/\/mickyandoniehn.com\/radio\/wp-json\/wp\/v2\/posts"}],"about":[{"href":"https:\/\/mickyandoniehn.com\/radio\/wp-json\/wp\/v2\/types\/post"}],"replies":[{"embeddable":true,"href":"https:\/\/mickyandoniehn.com\/radio\/wp-json\/wp\/v2\/comments?post=73489"}],"version-history":[{"count":0,"href":"https:\/\/mickyandoniehn.com\/radio\/wp-json\/wp\/v2\/posts\/73489\/revisions"}],"wp:featuredmedia":[{"embeddable":true,"href":"https:\/\/mickyandoniehn.com\/radio\/wp-json\/wp\/v2\/media\/73490"}],"wp:attachment":[{"href":"https:\/\/mickyandoniehn.com\/radio\/wp-json\/wp\/v2\/media?parent=73489"}],"wp:term":[{"taxonomy":"category","embeddable":true,"href":"https:\/\/mickyandoniehn.com\/radio\/wp-json\/wp\/v2\/categories?post=73489"},{"taxonomy":"post_tag","embeddable":true,"href":"https:\/\/mickyandoniehn.com\/radio\/wp-json\/wp\/v2\/tags?post=73489"}],"curies":[{"name":"wp","href":"https:\/\/api.w.org\/{rel}","templated":true}]}}