{"id":73485,"date":"2024-06-21T13:12:34","date_gmt":"2024-06-21T19:12:34","guid":{"rendered":"https:\/\/mickyandoniehn.com\/radio\/2024\/06\/21\/aproximadamente-40-familias-albergadas-en-la-capital-a-causa-de-la-lluvia\/"},"modified":"2024-06-21T13:12:34","modified_gmt":"2024-06-21T19:12:34","slug":"aproximadamente-40-familias-albergadas-en-la-capital-a-causa-de-la-lluvia","status":"publish","type":"post","link":"https:\/\/mickyandoniehn.com\/radio\/2024\/06\/21\/aproximadamente-40-familias-albergadas-en-la-capital-a-causa-de-la-lluvia\/","title":{"rendered":"Aproximadamente 40 familias albergadas en la capital a causa de la lluvia"},"content":{"rendered":"<\/p>\n<p>21.06.2024<\/p>\n<p><strong>Tegucigalpa<\/strong>\u00a0\u2013 Las incesantes lluvias que hasta este viernes tuvieron una pausa en la capital obligaron a que las autoridades trasladen a un albergue a 37 familias, un total de 67 personas.<\/p>\n<p>As\u00ed lo inform\u00f3 la directora de la Unidad Municipal de Gesti\u00f3n Integral de Riesgo (UMGIR) de la\u00a0Alcald\u00eda\u00a0Municipal del Distrito Central (A.M.D.C.),\u00a0Ingrid Flores, quien apunt\u00f3 que solo hay un albergue habilitado.<\/p>\n<p>No obstante, si la situaci\u00f3n lo requiriera se cuenta con una log\u00edstica para habilitar 200 albergues, dijo.<\/p>\n<p>Record\u00f3 que el Distrito Central a\u00fan se encuentra bajo una Alerta Amarilla, por lo que, se deben mantener las medidas de prevenci\u00f3n.<\/p>\n<p>Los suelos se encuentran saturados y son susceptibles a deslizamientos, apunt\u00f3 al tiempo que acot\u00f3 que tambi\u00e9n se pueden presentar derrumbes de \u00e1rboles y desprendimientos de rocas.<\/p>\n<p>Las familias evacuadas permanecer\u00e1n en el albergue de la colonia Betania hasta que las condiciones mejoren y sea seguro regresar a sus hogares.<\/p>\n<p>Para la capital, Tegucigalpa, se pronostica una temperatura m\u00e1xima de 22\u00b0C y una m\u00ednima de 18\u00b0C.<\/p>\n<p>Las lluvias continuar\u00e1n este viernes en la capital pero en menor medida que en d\u00edas anteriores, las regiones con los mayores acumulados ser\u00e1n el sur y occidente.<\/p>\n<p>Fuente: Proceso Digital HN<\/p>\n","protected":false},"excerpt":{"rendered":"<p>21.06.2024 Tegucigalpa\u00a0\u2013 Las incesantes lluvias que hasta este viernes tuvieron una pausa en la capital obligaron a que las autoridades trasladen a un albergue a 37 familias, un total de 67 personas. As\u00ed lo inform\u00f3 la directora de la Unidad Municipal de Gesti\u00f3n Integral de Riesgo (UMGIR) de la\u00a0Alcald\u00eda\u00a0Municipal del Distrito Central (A.M.D.C.),\u00a0Ingrid Flores, quien &hellip;<\/p>\n","protected":false},"author":0,"featured_media":73486,"comment_status":"open","ping_status":"open","sticky":false,"template":"","format":"standard","meta":{"_jetpack_memberships_contains_paid_content":false,"footnotes":""},"categories":[5],"tags":[],"class_list":["post-73485","post","type-post","status-publish","format-standard","has-post-thumbnail","","category-noticias"],"jetpack_sharing_enabled":true,"jetpack_featured_media_url":"https:\/\/mickyandoniehn.com\/radio\/wp-content\/uploads\/2024\/06\/alberguess-wDSmiH.jpeg","_links":{"self":[{"href":"https:\/\/mickyandoniehn.com\/radio\/wp-json\/wp\/v2\/posts\/73485","targetHints":{"allow":["GET"]}}],"collection":[{"href":"https:\/\/mickyandoniehn.com\/radio\/wp-json\/wp\/v2\/posts"}],"about":[{"href":"https:\/\/mickyandoniehn.com\/radio\/wp-json\/wp\/v2\/types\/post"}],"replies":[{"embeddable":true,"href":"https:\/\/mickyandoniehn.com\/radio\/wp-json\/wp\/v2\/comments?post=73485"}],"version-history":[{"count":0,"href":"https:\/\/mickyandoniehn.com\/radio\/wp-json\/wp\/v2\/posts\/73485\/revisions"}],"wp:featuredmedia":[{"embeddable":true,"href":"https:\/\/mickyandoniehn.com\/radio\/wp-json\/wp\/v2\/media\/73486"}],"wp:attachment":[{"href":"https:\/\/mickyandoniehn.com\/radio\/wp-json\/wp\/v2\/media?parent=73485"}],"wp:term":[{"taxonomy":"category","embeddable":true,"href":"https:\/\/mickyandoniehn.com\/radio\/wp-json\/wp\/v2\/categories?post=73485"},{"taxonomy":"post_tag","embeddable":true,"href":"https:\/\/mickyandoniehn.com\/radio\/wp-json\/wp\/v2\/tags?post=73485"}],"curies":[{"name":"wp","href":"https:\/\/api.w.org\/{rel}","templated":true}]}}