{"id":73483,"date":"2024-06-21T12:12:42","date_gmt":"2024-06-21T18:12:42","guid":{"rendered":"http:\/\/mickyandoniehn.com\/radio\/2024\/06\/21\/xviii-edicion-del-festival-nacional-del-choro-y-el-vino-sera-a-finales-de-junio\/"},"modified":"2024-06-21T12:12:42","modified_gmt":"2024-06-21T18:12:42","slug":"xviii-edicion-del-festival-nacional-del-choro-y-el-vino-sera-a-finales-de-junio","status":"publish","type":"post","link":"https:\/\/mickyandoniehn.com\/radio\/2024\/06\/21\/xviii-edicion-del-festival-nacional-del-choro-y-el-vino-sera-a-finales-de-junio\/","title":{"rendered":"XVIII Edici\u00f3n del Festival Nacional del Choro y el Vino ser\u00e1 a finales de junio"},"content":{"rendered":"<\/p>\n<p><strong>21.06.2024<\/strong><\/p>\n<p>\u00a1Uno de los festivales m\u00e1s importantes del pa\u00eds est\u00e1 a la vuelta de la esquina! La\u00a0<strong>XVIII Edici\u00f3n del Festival Nacional del Choro y el Vino,<\/strong>\u00a0se llevar\u00e1 a cabo este a\u00f1o del 28 al 30 de junio de 2024 en los municipios de Intibuc\u00e1, Yamaranguila y La Esperanza.<\/p>\n<p>El Festival Nacional del Choro y el Vino naci\u00f3 en 2006 y tiene dos objetivos fundamentales:\u00a0<strong>resaltar los productos caracter\u00edsticos de\u00a0<\/strong>La Esperanza Intibuc\u00e1<strong>,\u00a0<\/strong>como los choros, hongos silvestres comestibles y los vinos o licores elaborados con frutas silvestres de altura como fresas, duraznos, jaboticaba, pera y papa. Adem\u00e1s, busca potenciar la econom\u00eda local mediante el fomento del turismo.<\/p>\n<p>FUNIDE lidera esta iniciativa con el apoyo de la Municipalidad de La Esperanza y empresarios locales, logrando as\u00ed los objetivos.<\/p>\n<p>En este evento podr\u00e1s disfrutar de una variedad de\u00a0<strong>actividades como:<\/strong><\/p>\n<p>Degustaciones de choros y vinos<br \/>\nExposiciones de artesan\u00edas locales<br \/>\nDesfiles de carrozas<br \/>\nFestival La Gruta<br \/>\nPresentaciones art\u00edsticas-culturales<br \/>\nTalleres gastron\u00f3micos.<\/p>\n<p>Fuente: diarioroatan.com<\/p>\n","protected":false},"excerpt":{"rendered":"<p>21.06.2024 \u00a1Uno de los festivales m\u00e1s importantes del pa\u00eds est\u00e1 a la vuelta de la esquina! La\u00a0XVIII Edici\u00f3n del Festival Nacional del Choro y el Vino,\u00a0se llevar\u00e1 a cabo este a\u00f1o del 28 al 30 de junio de 2024 en los municipios de Intibuc\u00e1, Yamaranguila y La Esperanza. El Festival Nacional del Choro y el &hellip;<\/p>\n","protected":false},"author":0,"featured_media":73484,"comment_status":"open","ping_status":"open","sticky":false,"template":"","format":"standard","meta":{"_jetpack_memberships_contains_paid_content":false,"footnotes":""},"categories":[5],"tags":[],"class_list":["post-73483","post","type-post","status-publish","format-standard","has-post-thumbnail","","category-noticias"],"jetpack_sharing_enabled":true,"jetpack_featured_media_url":"https:\/\/mickyandoniehn.com\/radio\/wp-content\/uploads\/2024\/06\/festi-1-750x430-1-RKgXAw.jpeg","_links":{"self":[{"href":"https:\/\/mickyandoniehn.com\/radio\/wp-json\/wp\/v2\/posts\/73483","targetHints":{"allow":["GET"]}}],"collection":[{"href":"https:\/\/mickyandoniehn.com\/radio\/wp-json\/wp\/v2\/posts"}],"about":[{"href":"https:\/\/mickyandoniehn.com\/radio\/wp-json\/wp\/v2\/types\/post"}],"replies":[{"embeddable":true,"href":"https:\/\/mickyandoniehn.com\/radio\/wp-json\/wp\/v2\/comments?post=73483"}],"version-history":[{"count":0,"href":"https:\/\/mickyandoniehn.com\/radio\/wp-json\/wp\/v2\/posts\/73483\/revisions"}],"wp:featuredmedia":[{"embeddable":true,"href":"https:\/\/mickyandoniehn.com\/radio\/wp-json\/wp\/v2\/media\/73484"}],"wp:attachment":[{"href":"https:\/\/mickyandoniehn.com\/radio\/wp-json\/wp\/v2\/media?parent=73483"}],"wp:term":[{"taxonomy":"category","embeddable":true,"href":"https:\/\/mickyandoniehn.com\/radio\/wp-json\/wp\/v2\/categories?post=73483"},{"taxonomy":"post_tag","embeddable":true,"href":"https:\/\/mickyandoniehn.com\/radio\/wp-json\/wp\/v2\/tags?post=73483"}],"curies":[{"name":"wp","href":"https:\/\/api.w.org\/{rel}","templated":true}]}}