{"id":73477,"date":"2024-06-21T12:12:36","date_gmt":"2024-06-21T18:12:36","guid":{"rendered":"http:\/\/mickyandoniehn.com\/radio\/2024\/06\/21\/el-cancer-de-los-corales-duros-se-extiende-por-la-costa-norte-de-honduras\/"},"modified":"2024-06-21T12:12:36","modified_gmt":"2024-06-21T18:12:36","slug":"el-cancer-de-los-corales-duros-se-extiende-por-la-costa-norte-de-honduras","status":"publish","type":"post","link":"https:\/\/mickyandoniehn.com\/radio\/2024\/06\/21\/el-cancer-de-los-corales-duros-se-extiende-por-la-costa-norte-de-honduras\/","title":{"rendered":"\u00abEl C\u00e1ncer de los Corales Duros\u00bb se extiende por la Costa Norte de Honduras"},"content":{"rendered":"<\/p>\n<p><strong>21.06.2024<\/strong><\/p>\n<p>La propagaci\u00f3n de la enfermedad infecciosa que arrasa a los arrecifes rocoso del Mar Caribe, conocida como el \u201cc\u00e1ncer de los corales duros\u201d, se extiende por la costa norte de Honduras, confirman buzos y cient\u00edficos locales.<\/p>\n<p>Corales al interior del Refugio Marino Bah\u00eda de Tela, en Atl\u00e1ntida, est\u00e1n infectados, sin que la institucionalidad y organizaciones ambientalistas articulen esfuerzos para contrarrestar la problem\u00e1tica.<\/p>\n<p>Actores internos dentro del mismo Comit\u00e9 Interinstitucional Ambiental de Tela (CIAT) aseguraron que \u201cel falso positivismo de que los arrecifes son resilientes\u201d pone en peligro a estos ecosistemas marinos y se necesita atender la problem\u00e1tica.<\/p>\n<p>A\u00f1aden, que, \u201cintereses\u201d de la industria tur\u00edstica \u201chan impedido que el problema sea abordado con transparencia dentro del mismo CIAT\u201d y esto gener\u00f3 diferencias entre varios actores.<\/p>\n<p>El \u201cc\u00e1ncer de los corales rocosos\u201d fue reportado en Islas de la Bah\u00eda a finales del a\u00f1o 2020 y seg\u00fan buzos independientes hay indicios de que en la Bah\u00eda de Tela se extendi\u00f3 la enfermedad desde hace varios meses.<\/p>\n<p>Adem\u00e1s, se conoci\u00f3 que el CIAT hab\u00eda preparado un comunicado sobre la problem\u00e1tica, redactado conjuntamente, pero empresarios del turismo de opusieron a que fuese divulgado.<\/p>\n<p>Esta enfermedad ya comenz\u00f3 a ser tratada en Islas de la Bah\u00eda, donde se aplica antibi\u00f3ticos a los corales afectados y se detiene en cierta medida la degradaci\u00f3n, aunque es incurable, informan buzos.<\/p>\n<p>T\u00e9cnicos ambientales proponen que se impulsen las replantaciones, mediante viveros de coral en zonas no afectadas, despu\u00e9s de que pase la infecci\u00f3n<\/p>\n<p>Fuente: diarioroatan.com<\/p>\n","protected":false},"excerpt":{"rendered":"<p>21.06.2024 La propagaci\u00f3n de la enfermedad infecciosa que arrasa a los arrecifes rocoso del Mar Caribe, conocida como el \u201cc\u00e1ncer de los corales duros\u201d, se extiende por la costa norte de Honduras, confirman buzos y cient\u00edficos locales. Corales al interior del Refugio Marino Bah\u00eda de Tela, en Atl\u00e1ntida, est\u00e1n infectados, sin que la institucionalidad y &hellip;<\/p>\n","protected":false},"author":0,"featured_media":73478,"comment_status":"open","ping_status":"open","sticky":false,"template":"","format":"standard","meta":{"_jetpack_memberships_contains_paid_content":false,"footnotes":""},"categories":[5],"tags":[],"class_list":["post-73477","post","type-post","status-publish","format-standard","has-post-thumbnail","","category-noticias"],"jetpack_sharing_enabled":true,"jetpack_featured_media_url":"https:\/\/mickyandoniehn.com\/radio\/wp-content\/uploads\/2024\/06\/WhatsApp-Image-2024-06-20-at-6.28.32-AM-1-750x430-1-PNGtOR.jpeg","_links":{"self":[{"href":"https:\/\/mickyandoniehn.com\/radio\/wp-json\/wp\/v2\/posts\/73477","targetHints":{"allow":["GET"]}}],"collection":[{"href":"https:\/\/mickyandoniehn.com\/radio\/wp-json\/wp\/v2\/posts"}],"about":[{"href":"https:\/\/mickyandoniehn.com\/radio\/wp-json\/wp\/v2\/types\/post"}],"replies":[{"embeddable":true,"href":"https:\/\/mickyandoniehn.com\/radio\/wp-json\/wp\/v2\/comments?post=73477"}],"version-history":[{"count":0,"href":"https:\/\/mickyandoniehn.com\/radio\/wp-json\/wp\/v2\/posts\/73477\/revisions"}],"wp:featuredmedia":[{"embeddable":true,"href":"https:\/\/mickyandoniehn.com\/radio\/wp-json\/wp\/v2\/media\/73478"}],"wp:attachment":[{"href":"https:\/\/mickyandoniehn.com\/radio\/wp-json\/wp\/v2\/media?parent=73477"}],"wp:term":[{"taxonomy":"category","embeddable":true,"href":"https:\/\/mickyandoniehn.com\/radio\/wp-json\/wp\/v2\/categories?post=73477"},{"taxonomy":"post_tag","embeddable":true,"href":"https:\/\/mickyandoniehn.com\/radio\/wp-json\/wp\/v2\/tags?post=73477"}],"curies":[{"name":"wp","href":"https:\/\/api.w.org\/{rel}","templated":true}]}}