{"id":73449,"date":"2024-06-20T14:12:40","date_gmt":"2024-06-20T20:12:40","guid":{"rendered":"http:\/\/mickyandoniehn.com\/radio\/2024\/06\/20\/extienden-alerta-amarilla-por-lluvias-en-el-distrito-central\/"},"modified":"2024-06-20T14:12:40","modified_gmt":"2024-06-20T20:12:40","slug":"extienden-alerta-amarilla-por-lluvias-en-el-distrito-central","status":"publish","type":"post","link":"https:\/\/mickyandoniehn.com\/radio\/2024\/06\/20\/extienden-alerta-amarilla-por-lluvias-en-el-distrito-central\/","title":{"rendered":"Extienden alerta amarilla por lluvias en el Distrito Central"},"content":{"rendered":"<\/p>\n<p><strong>Tegucigalpa. 20.06.2024<\/strong><\/p>\n<p class=\"mb-6\">La Alcald\u00eda Municipal del Distrito Central (AMDC) inform\u00f3 a la poblaci\u00f3n que la alerta amarilla por lluvias se ha extendido por 48 horas adicionales en el Distrito Central, abarcando las ciudades de Tegucigalpa, Comayag\u00fcela y aldeas aleda\u00f1as.<\/p>\n<p class=\"mb-6\">La AMDC ha asegurado que sus equipos est\u00e1n preparados y en estado de alerta para brindar atenci\u00f3n ante cualquier emergencia. \u201cNuestros equipos est\u00e1n preparados y permanecen alerta para brindarte atenci\u00f3n ante cualquier emergencia. Si te encontr\u00e1s en una situaci\u00f3n de riesgo por las lluvias, llam\u00e1 a la l\u00ednea 100\u201d, comunicaron a trav\u00e9s de la plataforma \u2018X\u2019.<\/p>\n<p class=\"mb-6\">En los \u00faltimos diez d\u00edas, la capital hondure\u00f1a y sus alrededores han registrado precipitaciones que var\u00edan entre 110 mil\u00edmetros y 255 mil\u00edmetros. Esta cantidad de lluvias ha ocasionado inundaciones, deslizamientos, ca\u00eddas de \u00e1rboles y muros, socavones y desprendimientos de rocas.<\/p>\n<p class=\"mb-6\">Las autoridades han emitido llamados de prevenci\u00f3n, especialmente en las colonias y barrios La Guill\u00e9n, Nueva Santa Rosa, El Reparto, Roberto Suazo C\u00f3rdova, Villa Delmi, Buenos Aires y El Ed\u00e9n, debido a la vulnerabilidad de estas zonas.<\/p>\n<div class=\"twitter-tweet twitter-tweet-rendered\"><\/div>\n<div><\/div>\n<div>Fuente: latribuna.hn<\/div>\n","protected":false},"excerpt":{"rendered":"<p>Tegucigalpa. 20.06.2024 La Alcald\u00eda Municipal del Distrito Central (AMDC) inform\u00f3 a la poblaci\u00f3n que la alerta amarilla por lluvias se ha extendido por 48 horas adicionales en el Distrito Central, abarcando las ciudades de Tegucigalpa, Comayag\u00fcela y aldeas aleda\u00f1as. La AMDC ha asegurado que sus equipos est\u00e1n preparados y en estado de alerta para brindar &hellip;<\/p>\n","protected":false},"author":0,"featured_media":73450,"comment_status":"open","ping_status":"open","sticky":false,"template":"","format":"standard","meta":{"_jetpack_memberships_contains_paid_content":false,"footnotes":""},"categories":[5],"tags":[],"class_list":["post-73449","post","type-post","status-publish","format-standard","has-post-thumbnail","","category-noticias"],"jetpack_sharing_enabled":true,"jetpack_featured_media_url":"https:\/\/mickyandoniehn.com\/radio\/wp-content\/uploads\/2024\/06\/SOS-LLUVIAS-7-GKQDUv.jpeg","_links":{"self":[{"href":"https:\/\/mickyandoniehn.com\/radio\/wp-json\/wp\/v2\/posts\/73449","targetHints":{"allow":["GET"]}}],"collection":[{"href":"https:\/\/mickyandoniehn.com\/radio\/wp-json\/wp\/v2\/posts"}],"about":[{"href":"https:\/\/mickyandoniehn.com\/radio\/wp-json\/wp\/v2\/types\/post"}],"replies":[{"embeddable":true,"href":"https:\/\/mickyandoniehn.com\/radio\/wp-json\/wp\/v2\/comments?post=73449"}],"version-history":[{"count":0,"href":"https:\/\/mickyandoniehn.com\/radio\/wp-json\/wp\/v2\/posts\/73449\/revisions"}],"wp:featuredmedia":[{"embeddable":true,"href":"https:\/\/mickyandoniehn.com\/radio\/wp-json\/wp\/v2\/media\/73450"}],"wp:attachment":[{"href":"https:\/\/mickyandoniehn.com\/radio\/wp-json\/wp\/v2\/media?parent=73449"}],"wp:term":[{"taxonomy":"category","embeddable":true,"href":"https:\/\/mickyandoniehn.com\/radio\/wp-json\/wp\/v2\/categories?post=73449"},{"taxonomy":"post_tag","embeddable":true,"href":"https:\/\/mickyandoniehn.com\/radio\/wp-json\/wp\/v2\/tags?post=73449"}],"curies":[{"name":"wp","href":"https:\/\/api.w.org\/{rel}","templated":true}]}}