{"id":73043,"date":"2024-06-10T22:12:32","date_gmt":"2024-06-11T04:12:32","guid":{"rendered":"http:\/\/mickyandoniehn.com\/radio\/2024\/06\/10\/el-valle-sagrado-de-la-guacamaya-roja-sera-sobrevolada-por-10-nuevas-aves\/"},"modified":"2024-06-10T22:12:32","modified_gmt":"2024-06-11T04:12:32","slug":"el-valle-sagrado-de-la-guacamaya-roja-sera-sobrevolada-por-10-nuevas-aves","status":"publish","type":"post","link":"https:\/\/mickyandoniehn.com\/radio\/2024\/06\/10\/el-valle-sagrado-de-la-guacamaya-roja-sera-sobrevolada-por-10-nuevas-aves\/","title":{"rendered":"El Valle Sagrado de la Guacamaya Roja ser\u00e1 sobrevolada por 10 nuevas Aves"},"content":{"rendered":"<p>\u00a0<\/p>\n<\/p>\n<p>10.06.2024<\/p>\n<p class=\"mb-6\"><em><strong>COP\u00c1N RUINAS.<\/strong><\/em>\u00a0En el marco del evento denominado Guacamaya Fest se realizar\u00e1 la d\u00e9cimo primera liberaci\u00f3n de 10 aves, en una actividad que se efectuar\u00e1 el 30 de junio, a trav\u00e9s del parque de aves Macaw Mountain y la Organizaci\u00f3n PRO-ALAS, en el Centro de Convenciones Marina Cop\u00e1n.<\/p>\n<p class=\"mb-6\">La Liberaci\u00f3n de Guacamayas Rojas es el resultado de un arduo trabajo y colaboraci\u00f3n entre PRO-ALAS. Macaw Mountain y la comunidad del Valle Sagrado de la Guacamaya Roja, que comprende los municipios de Cop\u00e1n Ruinas, San Jer\u00f3nimo, Santa Rita y Caba\u00f1as.<\/p>\n<p class=\"mb-6\">El programa, que cuenta con el apoyo de la Fundaci\u00f3n Welchez, es supervisado y aprobado por el Instituto de Conservaci\u00f3n Forestal (ICF). PRO-ALAS trabaja en estrecha colaboraci\u00f3n para garantizar que todas las actividades se realicen de acuerdo con las regulaciones y mejores pr\u00e1cticas de conservaci\u00f3n.<\/p>\n<p class=\"mb-6\">Los organizadores del evento esperan que, con actividades culturales, gastron\u00f3micas, feria de emprendedores y conciertos musicales, tengan una ocupaci\u00f3n hotelera del cien por ciento en la ciudad.<\/p>\n<p class=\"mb-6\">\u201cNuestro objetivo principal con este programa es la protecci\u00f3n y conservaci\u00f3n de las aves, y nos alegra que ha tenido un efecto positivo a nivel de turismo e identidad nacional,\u201d, expres\u00f3 Lloyd Davidson, fundador de Macaw Mountain, y presidente de la Organizaci\u00f3n para la Protecci\u00f3n de las Aves PRO-ALAS.<\/p>\n<p class=\"mb-6\">Durante el evento, las guacamayas rojas criadas en cautiverio ser\u00e1n introducidas a su h\u00e1bitat natural y se sumar\u00e1n a la poblaci\u00f3n de m\u00e1s de 100 aves que vuelan libres sobre Cop\u00e1n Ruinas y sus alrededores.<\/p>\n<div>\n<div class=\"max-w-[1200px] mx-4 md:mx-12 xl:mx-auto\">\n<div class=\"news-content md:text-[18px] lg:text-[19px] lg:leading-[21.85px]\">\n<p class=\"mb-6\">Las guacamayas que ser\u00e1n liberadas ya han sido trasladadas al sitio de liberaci\u00f3n y permanecer\u00e1n all\u00ed durante un mes para familiarizarse con las condiciones del lugar, lo cual es crucial para asegurar su adaptaci\u00f3n en la naturaleza.<\/p>\n<p class=\"mb-6\">El proceso para llegar a esta etapa incluye varios pasos fundamentales, rescate y rehabilitaci\u00f3n: PRO-ALAS y Macaw Mountain reciben confiscaciones y donaciones voluntarias de guacamayas que han estado en situaciones de cautiverio o peligro.<\/p>\n<div class=\"fs-dynamic\">\n<div>\n<div>\n<div class=\"__fs-ancillary\">\n<div class=\"__fs-branding\"><a href=\"https:\/\/ads.freestar.com\/?utm_campaign=branding&amp;utm_medium=dynamicAd&amp;utm_source=latribuna.hn&amp;utm_content=latribuna_incontent_dynamic_article\" target=\"_blank\" rel=\"noopener\"><\/a><\/div>\n<\/div>\n<\/div>\n<\/div>\n<\/div>\n<p class=\"mb-6\">Las aves pasan por un riguroso proceso de rehabilitaci\u00f3n en el parque de aves, donde reciben atenci\u00f3n veterinaria, se fortalecen f\u00edsicamente y se preparan para la vida en la naturaleza.<\/p>\n<p class=\"mb-6\">\n<div class=\"fs-dynamic\">\n<div>\n<div>\n<div class=\"__fs-ancillary\">\n<div class=\"__fs-branding\"><\/div>\n<\/div>\n<\/div>\n<\/div>\n<\/div>\n<p class=\"mb-6\">Las aves que no logran adaptarse para la vida silvestre, pasan a un programa de reproducci\u00f3n en cautiverio y forman parejas reproductoras que dan a luz a los polluelos que ser\u00e1n liberados.<\/p>\n<p class=\"mb-6\">Despu\u00e9s de la liberaci\u00f3n, el equipo de PRO-ALAS mantiene un monitoreo permanente sobre las guacamayas, vigilando su adaptaci\u00f3n y comportamiento en el medio ambiente y este seguimiento continuo y es vital para evaluar el \u00e9xito de la reintroducci\u00f3n y realizar ajustes seg\u00fan lo requieren las aves.<\/p>\n<div class=\"fs-dynamic\">\n<div><\/div>\n<\/div>\n<p class=\"mb-6\">Este a\u00f1o, PRO-ALAS ha realizado un estudio exhaustivo de capacidad de carga en el Valle Sagrado para garantizar que el ecosistema pueda soportar la reintroducci\u00f3n de las guacamayas rojas sin afectar negativamente a otras especies ni al entorno natural.<\/p>\n<p class=\"mb-6\">El estudio fue liderado por el reconocido bi\u00f3logo, H\u00e9ctor Portillo y un grupo de consultores especialistas con experiencia en el tema, y permite comprender mejor la din\u00e1mica poblacional de las guacamayas para mejorar las estrategias de conservaci\u00f3n.<\/p>\n<div class=\"fs-dynamic\">\n<div><\/div>\n<\/div>\n<p class=\"mb-6\">\n<p class=\"mb-6\">El evento se llevar\u00e1 a cabo el domingo 30 de junio del 2024 en el Centro de Convenciones Marina Cop\u00e1n a partir de las 8:30 am y contar\u00e1 con la participaci\u00f3n de autoridades e invitados especiales del mundo de la conservaci\u00f3n y la entrada es gratuita y abierta a todo p\u00fablico.<\/p>\n<div class=\"fs-dynamic\">\n<div><\/div>\n<\/div>\n<p class=\"mb-6\">PRO-ALAS: PRO-ALAS es la ONG que nace como resultado de los proyectos de conservaci\u00f3n del Parque de Aves y Reserva Natural Macaw Mountain en Cop\u00e1n Ruinas, Honduras, y la organizaci\u00f3n hace posible el exitoso programa de liberaci\u00f3n de guacamayas desarrollado en el Valle de Cop\u00e1n, colaborando con otras organizaciones dentro y fuera de Honduras.<\/p>\n<p class=\"mb-6\"><em><strong>(Por Ram\u00f3n Rojas)<\/strong><\/em><\/p>\n<\/div>\n<\/div>\n<div class=\"mx-4 md:mx-12 xl:mx-auto max-w-[1200px] text-white\">\n<div class=\"text-tiny md:flex justify-between\">\n<div>\n<div class=\"pt-4 pb-8\">Fuente: La Tribuna<\/div>\n<\/div>\n<\/div>\n<\/div>\n<\/div>\n<div>\n<div class=\"fs-player-container-shim\">\n<div class=\"pbs no-impression clip-player\">\n<div class=\"pbs__player shown\">\n<div class=\"exp-ui\">\n<div class=\"exp-ui__wrapper falcon exp-ui__state__hovered\">\n<div class=\"exp-ui__controls\">\n<div class=\"exp-ui__prev-button exp-ui__state__shown\"><\/div>\n<div class=\"exp-ui__pause-button exp-ui__state__shown\"><\/div>\n<div class=\"exp-ui__next-button exp-ui__state__shown\"><\/div>\n<\/div>\n<div class=\"exp-ui__toolbar-wrapper\">\n<div class=\"exp-ui__toolbar\">\n<div class=\"toolbar__left\">\n<div class=\"exp-ui__common-button exp-ui__rewind-button exp-ui__state__shown\"><\/div>\n<\/div>\n<\/div>\n<\/div>\n<\/div>\n<\/div>\n<\/div>\n<\/div>\n<\/div>\n<\/div>\n<div class=\"fs-dynamic\">\n<div>\n<div><\/div>\n<\/div>\n<\/div>\n","protected":false},"excerpt":{"rendered":"<p>\u00a0 10.06.2024 COP\u00c1N RUINAS.\u00a0En el marco del evento denominado Guacamaya Fest se realizar\u00e1 la d\u00e9cimo primera liberaci\u00f3n de 10 aves, en una actividad que se efectuar\u00e1 el 30 de junio, a trav\u00e9s del parque de aves Macaw Mountain y la Organizaci\u00f3n PRO-ALAS, en el Centro de Convenciones Marina Cop\u00e1n. La Liberaci\u00f3n de Guacamayas Rojas es &hellip;<\/p>\n","protected":false},"author":0,"featured_media":73044,"comment_status":"open","ping_status":"open","sticky":false,"template":"","format":"standard","meta":{"_jetpack_memberships_contains_paid_content":false,"footnotes":""},"categories":[5],"tags":[],"class_list":["post-73043","post","type-post","status-publish","format-standard","has-post-thumbnail","","category-noticias"],"jetpack_sharing_enabled":true,"jetpack_featured_media_url":"https:\/\/mickyandoniehn.com\/radio\/wp-content\/uploads\/2024\/06\/Guacamaya-5-Z2Zp00.jpeg","_links":{"self":[{"href":"https:\/\/mickyandoniehn.com\/radio\/wp-json\/wp\/v2\/posts\/73043","targetHints":{"allow":["GET"]}}],"collection":[{"href":"https:\/\/mickyandoniehn.com\/radio\/wp-json\/wp\/v2\/posts"}],"about":[{"href":"https:\/\/mickyandoniehn.com\/radio\/wp-json\/wp\/v2\/types\/post"}],"replies":[{"embeddable":true,"href":"https:\/\/mickyandoniehn.com\/radio\/wp-json\/wp\/v2\/comments?post=73043"}],"version-history":[{"count":0,"href":"https:\/\/mickyandoniehn.com\/radio\/wp-json\/wp\/v2\/posts\/73043\/revisions"}],"wp:featuredmedia":[{"embeddable":true,"href":"https:\/\/mickyandoniehn.com\/radio\/wp-json\/wp\/v2\/media\/73044"}],"wp:attachment":[{"href":"https:\/\/mickyandoniehn.com\/radio\/wp-json\/wp\/v2\/media?parent=73043"}],"wp:term":[{"taxonomy":"category","embeddable":true,"href":"https:\/\/mickyandoniehn.com\/radio\/wp-json\/wp\/v2\/categories?post=73043"},{"taxonomy":"post_tag","embeddable":true,"href":"https:\/\/mickyandoniehn.com\/radio\/wp-json\/wp\/v2\/tags?post=73043"}],"curies":[{"name":"wp","href":"https:\/\/api.w.org\/{rel}","templated":true}]}}