{"id":73041,"date":"2024-06-10T21:12:47","date_gmt":"2024-06-11T03:12:47","guid":{"rendered":"https:\/\/mickyandoniehn.com\/radio\/2024\/06\/10\/egresa-primera-generacion-de-jovenes-albaniles-y-fontaneros-de-escuela-taller\/"},"modified":"2024-06-10T21:12:47","modified_gmt":"2024-06-11T03:12:47","slug":"egresa-primera-generacion-de-jovenes-albaniles-y-fontaneros-de-escuela-taller","status":"publish","type":"post","link":"https:\/\/mickyandoniehn.com\/radio\/2024\/06\/10\/egresa-primera-generacion-de-jovenes-albaniles-y-fontaneros-de-escuela-taller\/","title":{"rendered":"Egresa primera generaci\u00f3n de j\u00f3venes alba\u00f1iles y fontaneros de Escuela Taller"},"content":{"rendered":"<\/p>\n<p>10.06.2024<\/p>\n<p class=\"mb-6\"><em><strong>SIGUATEPEQUE, Comayagua.<\/strong><\/em>La Agencia Espa\u00f1ola de Cooperaci\u00f3n Internacional para el Desarrollo (AECID), la Comisi\u00f3n Nacional para el Desarrollo de la Educaci\u00f3n Alternativa No Formal (Coneanfo) y autoridades regionales clausuraron el curso de alba\u00f1iler\u00eda y fontaner\u00eda de la Escuela Taller Siguatepeque.<\/p>\n<p class=\"mb-6\">El taller, con duraci\u00f3n aproximada de un a\u00f1o y medio, donde los j\u00f3venes recibieron una formaci\u00f3n de alta calidad, dise\u00f1ada por expertos de diversas entidades, fue clausurado por Francisco Tom\u00e1s, coordinador general de la Cooperaci\u00f3n Espa\u00f1ola.<\/p>\n<div class=\"fs-dynamic\">\n<div>En su discurso, Tom\u00e1s destac\u00f3 que \u201cla AECID est\u00e1 comprometida en mejorar las oportunidades laborales para los j\u00f3venes hondure\u00f1os, especialmente aquellos en situaci\u00f3n de vulnerabilidad\u201d<\/div>\n<\/div>\n<div><\/div>\n<div>\n<p class=\"mb-6\">Por su parte, el presidente de la Coneanfo, Luis Castillo, manifest\u00f3 que \u201clograr los resultados de los egresados que hoy acompa\u00f1amos requiere del inter\u00e9s y compromiso de las empresas de las regiones beneficiadas, que son quienes ofrecen los espacios para poner en pr\u00e1ctica las habilidades que estos j\u00f3venes desarrollan en los procesos de formaci\u00f3n, agradecemos la confianza que cada joven deposita para formarse en las Escuelas Taller\u201d.<\/p>\n<p class=\"mb-6\">El evento tambi\u00e9n evidenci\u00f3 el fuerte componente de inclusi\u00f3n de la Escuela Taller, como ejemplo destacado el taller m\u00f3vil de alba\u00f1iler\u00eda, impartido en la comunidad de Guarajao Viejo, que abarc\u00f3 alrededor de ocho comunidades aleda\u00f1as, permitiendo a los j\u00f3venes formarse y aplicar sus habilidades en la restauraci\u00f3n y construcci\u00f3n de pilas, mejorando as\u00ed las condiciones de vida en \u00e1reas rurales.<\/p>\n<\/div>\n<p>Fuente: La Tribuna<\/p>\n","protected":false},"excerpt":{"rendered":"<p>10.06.2024 SIGUATEPEQUE, Comayagua.La Agencia Espa\u00f1ola de Cooperaci\u00f3n Internacional para el Desarrollo (AECID), la Comisi\u00f3n Nacional para el Desarrollo de la Educaci\u00f3n Alternativa No Formal (Coneanfo) y autoridades regionales clausuraron el curso de alba\u00f1iler\u00eda y fontaner\u00eda de la Escuela Taller Siguatepeque. El taller, con duraci\u00f3n aproximada de un a\u00f1o y medio, donde los j\u00f3venes recibieron una &hellip;<\/p>\n","protected":false},"author":0,"featured_media":73042,"comment_status":"open","ping_status":"open","sticky":false,"template":"","format":"standard","meta":{"_jetpack_memberships_contains_paid_content":false,"footnotes":""},"categories":[5],"tags":[],"class_list":["post-73041","post","type-post","status-publish","format-standard","has-post-thumbnail","","category-noticias"],"jetpack_sharing_enabled":true,"jetpack_featured_media_url":"https:\/\/mickyandoniehn.com\/radio\/wp-content\/uploads\/2024\/06\/SIGUATEPEQUE-OFICIOS-4BtYGs.jpeg","_links":{"self":[{"href":"https:\/\/mickyandoniehn.com\/radio\/wp-json\/wp\/v2\/posts\/73041","targetHints":{"allow":["GET"]}}],"collection":[{"href":"https:\/\/mickyandoniehn.com\/radio\/wp-json\/wp\/v2\/posts"}],"about":[{"href":"https:\/\/mickyandoniehn.com\/radio\/wp-json\/wp\/v2\/types\/post"}],"replies":[{"embeddable":true,"href":"https:\/\/mickyandoniehn.com\/radio\/wp-json\/wp\/v2\/comments?post=73041"}],"version-history":[{"count":0,"href":"https:\/\/mickyandoniehn.com\/radio\/wp-json\/wp\/v2\/posts\/73041\/revisions"}],"wp:featuredmedia":[{"embeddable":true,"href":"https:\/\/mickyandoniehn.com\/radio\/wp-json\/wp\/v2\/media\/73042"}],"wp:attachment":[{"href":"https:\/\/mickyandoniehn.com\/radio\/wp-json\/wp\/v2\/media?parent=73041"}],"wp:term":[{"taxonomy":"category","embeddable":true,"href":"https:\/\/mickyandoniehn.com\/radio\/wp-json\/wp\/v2\/categories?post=73041"},{"taxonomy":"post_tag","embeddable":true,"href":"https:\/\/mickyandoniehn.com\/radio\/wp-json\/wp\/v2\/tags?post=73041"}],"curies":[{"name":"wp","href":"https:\/\/api.w.org\/{rel}","templated":true}]}}