{"id":73035,"date":"2024-06-10T18:12:38","date_gmt":"2024-06-11T00:12:38","guid":{"rendered":"https:\/\/mickyandoniehn.com\/radio\/2024\/06\/10\/macos-15-sequoia-apple-convierte-los-macbook-en-el-centro-de-control-perfecto-para-los-iphone\/"},"modified":"2024-06-10T18:12:38","modified_gmt":"2024-06-11T00:12:38","slug":"macos-15-sequoia-apple-convierte-los-macbook-en-el-centro-de-control-perfecto-para-los-iphone","status":"publish","type":"post","link":"https:\/\/mickyandoniehn.com\/radio\/2024\/06\/10\/macos-15-sequoia-apple-convierte-los-macbook-en-el-centro-de-control-perfecto-para-los-iphone\/","title":{"rendered":"macOS 15 Sequoia: Apple convierte los MacBook en el centro de control perfecto para los iPhone"},"content":{"rendered":"<\/p>\n<p>Ya est\u00e1 aqu\u00ed macOS 15 Sequoia. Tras\u00a0<a href=\"https:\/\/www.xataka.com\/aplicaciones\/macos-14-sonoma-apple-se-acuerda-gaming-nueva-version-para-sistema-macbook\">Sonoma<\/a>, ya es oficial la nueva versi\u00f3n del sistema operativo de Apple para port\u00e1tiles. Y en esta ocasi\u00f3n, la conectividad es la principal novedad, junto a la llegada de\u00a0<a href=\"https:\/\/www.xataka.com\/robotica-e-ia\/apple-intelligence-asi-ambiciosa-apuesta-apple-integrar-al-fin-ia-todo-su-ecosistema\">Apple Intelligence<\/a>, que estar\u00e1 integrada en macOS 15.<\/p>\n<p>Apple quiere convertir los MacBook en un mejor centro de control del ecosistema Apple. Para ello presenta una nueva versi\u00f3n de \u2018Continuidad\u2019, que enlazar\u00e1 los dispositivos de Apple. Con macOS 15 Sequoia podremos recibir\u00a0<strong>notificaciones de los iPhone directamente en el Mac<\/strong>.<\/p>\n<div class=\"article-asset-image article-asset-large article-asset-center\">\n<div class=\"asset-content\"><\/div>\n<\/div>\n<p>En relaci\u00f3n a este control del iPhone, macOS 15 Sequoia a\u00f1ade el\u00a0<strong>iPhone Mirroring<\/strong>. La integraci\u00f3n ser\u00e1 total entre el iPhone y macOS. Si abrimos una notificaci\u00f3n desde macOS, se abrir\u00e1 la aplicaci\u00f3n en concreto del iPhone. El teclado, trackpad y rat\u00f3n del Mac permitir\u00e1 interactuar con el iPhone e incluso escuchar el audio. Podremos por ejemplo arrastrar y soltar contenido del iPhone al Mac f\u00e1cilmente.<\/p>\n<p>Cuando utilicemos el iPhone desde el Mac,\u00a0<strong>el m\u00f3vil seguir\u00e1 bloqueado<\/strong>. Aunque lo estemos controlando desde el port\u00e1til, el iPhone seguir\u00e1 protegido.<\/p>\n<div class=\"article-asset-image article-asset-large article-asset-center\">\n<div class=\"asset-content\"><\/div>\n<\/div>\n<p>Uno de los puntos d\u00e9biles de macOS siempre ha sido el sector gaming. Con macOS 15 anuncian una nueva versi\u00f3n de la herramienta para desarrolladores con la que\u00a0<strong>traer videojuegos a Mac<\/strong>. Entre los t\u00edtulos que llegar\u00e1n a Mac estar\u00e1 disponible \u2018<a href=\"https:\/\/www.xataka.com\/videojuegos\/assassins-creed-shadows-estrena-trailer-nos-traslada-a-brutal-japon-lleno-asesines-combates-sigilo\">Assassin\u2019s Creed Shadows<\/a>\u2018, a finales de a\u00f1o. Adem\u00e1s de otros t\u00edtulos de primer nivel como World of Warcraft: The War Within, Resident Evil 2 o Dead Island 2.<\/p>\n<p>Como es costumbre, macOS 15 tambi\u00e9n llega con renovaci\u00f3n de varias aplicaciones. Es el caso de Safari, que a\u00f1ade Highlights, Maps, Math Notes, Reader y una\u00a0<strong>nueva aplicaci\u00f3n para gestionar las contrase\u00f1as.\u00a0<\/strong><\/p>\n<div class=\"article-asset-image article-asset-large article-asset-center\">\n<div class=\"asset-content\"><\/div>\n<\/div>\n<p>A nivel de dise\u00f1o, macOS 15 ha\u00a0<strong>renovado la gesti\u00f3n de ventanas<\/strong> para que sea m\u00e1s f\u00e1cil tener m\u00e1s de dos ventanas al mismo tiempo y tenerlas unas al lado de otras.<\/p>\n<h2>Cu\u00e1ndo se podr\u00e1 actualizar a macOS 15 Sequoia<\/h2>\n<p>Si seguimos el calendario de a\u00f1os anteriores, la primera beta de macOS 15 Sequoia llegar\u00e1 hacia el mes de julio, quedando el lanzamiento oficial para todos los p\u00fablicos de cara al\u00a0<strong>oto\u00f1o<\/strong>.<\/p>\n<p>Los nuevos\u00a0<a href=\"https:\/\/www.xataka.com\/analisis\/macbook-air-m3-15-pulgadas-analisis-caracteristicas-precio-especificaciones\">MacBook Air con el procesador M3<\/a>, as\u00ed como el\u00a0<a href=\"https:\/\/www.xataka.com\/analisis\/macbook-pro-m3-max-analisis-caracteristicas-precio-especificaciones\">MacBook Pro con M3<\/a>\u00a0deber\u00edan ser los primeros dispositivos en recibir macOS 15, aunque no se descarta que su llegada coincida con los futuros MacBook Pro con procesador M4.<\/p>\n","protected":false},"excerpt":{"rendered":"<p>Ya est\u00e1 aqu\u00ed macOS 15 Sequoia. Tras\u00a0Sonoma, ya es oficial la nueva versi\u00f3n del sistema operativo de Apple para port\u00e1tiles. Y en esta ocasi\u00f3n, la conectividad es la principal novedad, junto a la llegada de\u00a0Apple Intelligence, que estar\u00e1 integrada en macOS 15. Apple quiere convertir los MacBook en un mejor centro de control del ecosistema &hellip;<\/p>\n","protected":false},"author":0,"featured_media":73036,"comment_status":"open","ping_status":"open","sticky":false,"template":"","format":"standard","meta":{"_jetpack_memberships_contains_paid_content":false,"footnotes":""},"categories":[5],"tags":[],"class_list":["post-73035","post","type-post","status-publish","format-standard","has-post-thumbnail","","category-noticias"],"jetpack_sharing_enabled":true,"jetpack_featured_media_url":"https:\/\/mickyandoniehn.com\/radio\/wp-content\/uploads\/2024\/06\/500_333-0DHxk7.jpeg","_links":{"self":[{"href":"https:\/\/mickyandoniehn.com\/radio\/wp-json\/wp\/v2\/posts\/73035","targetHints":{"allow":["GET"]}}],"collection":[{"href":"https:\/\/mickyandoniehn.com\/radio\/wp-json\/wp\/v2\/posts"}],"about":[{"href":"https:\/\/mickyandoniehn.com\/radio\/wp-json\/wp\/v2\/types\/post"}],"replies":[{"embeddable":true,"href":"https:\/\/mickyandoniehn.com\/radio\/wp-json\/wp\/v2\/comments?post=73035"}],"version-history":[{"count":0,"href":"https:\/\/mickyandoniehn.com\/radio\/wp-json\/wp\/v2\/posts\/73035\/revisions"}],"wp:featuredmedia":[{"embeddable":true,"href":"https:\/\/mickyandoniehn.com\/radio\/wp-json\/wp\/v2\/media\/73036"}],"wp:attachment":[{"href":"https:\/\/mickyandoniehn.com\/radio\/wp-json\/wp\/v2\/media?parent=73035"}],"wp:term":[{"taxonomy":"category","embeddable":true,"href":"https:\/\/mickyandoniehn.com\/radio\/wp-json\/wp\/v2\/categories?post=73035"},{"taxonomy":"post_tag","embeddable":true,"href":"https:\/\/mickyandoniehn.com\/radio\/wp-json\/wp\/v2\/tags?post=73035"}],"curies":[{"name":"wp","href":"https:\/\/api.w.org\/{rel}","templated":true}]}}