{"id":72960,"date":"2024-06-07T13:12:34","date_gmt":"2024-06-07T19:12:34","guid":{"rendered":"http:\/\/mickyandoniehn.com\/radio\/2024\/06\/07\/feria-juniana-2024\/"},"modified":"2024-06-07T13:12:34","modified_gmt":"2024-06-07T19:12:34","slug":"feria-juniana-2024","status":"publish","type":"post","link":"https:\/\/mickyandoniehn.com\/radio\/2024\/06\/07\/feria-juniana-2024\/","title":{"rendered":"Feria Juniana 2024"},"content":{"rendered":"<\/p>\n<p>07.06.24<\/p>\n<p>Es unos de los eventos m\u00e1s importantes en San Pedro Sula, que se lleva a cabo en el mes de junio, la cual se realiza en honor al santo Patr\u00f3n San Pedro.<\/p>\n<p>En 1846 comenz\u00f3 a llevarse a cabo esta feria y se ha convertido en una de las mas esperadas por los Sampedranos.<\/p>\n<p>Para celebrar los 488 a\u00f1os de aniversario ofrecer\u00e1 diversi\u00f3n desde conciertos, show de fuegos, juegos mec\u00e1nicos, exposiciones comerciales industriales, ganaderas y mucho m\u00e1s.<\/p>\n<p>Les dejamos el calendario de actividades que se estar\u00e1n presentando durante el mes de Junio.<\/p>\n<p>\u00a0<\/p>\n","protected":false},"excerpt":{"rendered":"<p>07.06.24 Es unos de los eventos m\u00e1s importantes en San Pedro Sula, que se lleva a cabo en el mes de junio, la cual se realiza en honor al santo Patr\u00f3n San Pedro. En 1846 comenz\u00f3 a llevarse a cabo esta feria y se ha convertido en una de las mas esperadas por los Sampedranos. &hellip;<\/p>\n","protected":false},"author":0,"featured_media":72961,"comment_status":"open","ping_status":"open","sticky":false,"template":"","format":"standard","meta":{"_jetpack_memberships_contains_paid_content":false,"footnotes":""},"categories":[5],"tags":[],"class_list":["post-72960","post","type-post","status-publish","format-standard","has-post-thumbnail","","category-noticias"],"jetpack_sharing_enabled":true,"jetpack_featured_media_url":"https:\/\/mickyandoniehn.com\/radio\/wp-content\/uploads\/2024\/06\/lqbqy4dm3jw62epcybai-LKmO9J.jpeg","_links":{"self":[{"href":"https:\/\/mickyandoniehn.com\/radio\/wp-json\/wp\/v2\/posts\/72960","targetHints":{"allow":["GET"]}}],"collection":[{"href":"https:\/\/mickyandoniehn.com\/radio\/wp-json\/wp\/v2\/posts"}],"about":[{"href":"https:\/\/mickyandoniehn.com\/radio\/wp-json\/wp\/v2\/types\/post"}],"replies":[{"embeddable":true,"href":"https:\/\/mickyandoniehn.com\/radio\/wp-json\/wp\/v2\/comments?post=72960"}],"version-history":[{"count":0,"href":"https:\/\/mickyandoniehn.com\/radio\/wp-json\/wp\/v2\/posts\/72960\/revisions"}],"wp:featuredmedia":[{"embeddable":true,"href":"https:\/\/mickyandoniehn.com\/radio\/wp-json\/wp\/v2\/media\/72961"}],"wp:attachment":[{"href":"https:\/\/mickyandoniehn.com\/radio\/wp-json\/wp\/v2\/media?parent=72960"}],"wp:term":[{"taxonomy":"category","embeddable":true,"href":"https:\/\/mickyandoniehn.com\/radio\/wp-json\/wp\/v2\/categories?post=72960"},{"taxonomy":"post_tag","embeddable":true,"href":"https:\/\/mickyandoniehn.com\/radio\/wp-json\/wp\/v2\/tags?post=72960"}],"curies":[{"name":"wp","href":"https:\/\/api.w.org\/{rel}","templated":true}]}}