{"id":72720,"date":"2024-05-30T11:12:39","date_gmt":"2024-05-30T17:12:39","guid":{"rendered":"https:\/\/mickyandoniehn.com\/radio\/2024\/05\/30\/turismo-realiza-i-congreso-de-gestores-de-destino-2024\/"},"modified":"2024-05-30T11:12:39","modified_gmt":"2024-05-30T17:12:39","slug":"turismo-realiza-i-congreso-de-gestores-de-destino-2024","status":"publish","type":"post","link":"https:\/\/mickyandoniehn.com\/radio\/2024\/05\/30\/turismo-realiza-i-congreso-de-gestores-de-destino-2024\/","title":{"rendered":"Turismo realiza I Congreso de Gestores de Destino 2024"},"content":{"rendered":"<\/p>\n<p><strong>Tegucigalpa. 30.05.2024<\/strong><\/p>\n<p>La Gerencia de la Organizaci\u00f3n de Gesti\u00f3n de Destinos (OGD) del Instituto Hondure\u00f1o de Turismo (IHT) llev\u00f3 a cabo su primer encuentro nacional, reuniendo a m\u00e1s de 25 gestores de turismo de diversas regiones del pa\u00eds.<\/p>\n<p>El evento cont\u00f3 con la participaci\u00f3n de la ministra de Turismo, Yadira G\u00f3mez, el secretario general, Mario Nuila y la conferencista e investigadora en tendencias, innovaci\u00f3n y estrategia, Eva Ballar\u00edn.<br \/>\nDurante la jornada, los gestores compartieron sus experiencias y discutieron sobre diversos proyectos tur\u00edsticos en desarrollo a nivel nacional. Los asistentes destacaron la importancia de la colaboraci\u00f3n y el intercambio de conocimientos para fortalecer el sector tur\u00edstico hondure\u00f1o, promoviendo tanto el turismo interno como el internacional.<\/p>\n<p>La ministra G\u00f3mez subray\u00f3 la relevancia de estos encuentros para consolidar una visi\u00f3n unificada del turismo en Honduras. \u00abEste es un espacio vital para escuchar y aprender de los gestores que trabajan en primera l\u00ednea, quienes conocen las necesidades y potencialidades de cada destino; solo juntos podemos crear estrategias m\u00e1s efectivas y sostenibles\u00bb, afirm\u00f3.<\/p>\n<p>Fuente: diarioroatan.com<\/p>\n","protected":false},"excerpt":{"rendered":"<p>Tegucigalpa. 30.05.2024 La Gerencia de la Organizaci\u00f3n de Gesti\u00f3n de Destinos (OGD) del Instituto Hondure\u00f1o de Turismo (IHT) llev\u00f3 a cabo su primer encuentro nacional, reuniendo a m\u00e1s de 25 gestores de turismo de diversas regiones del pa\u00eds. El evento cont\u00f3 con la participaci\u00f3n de la ministra de Turismo, Yadira G\u00f3mez, el secretario general, Mario &hellip;<\/p>\n","protected":false},"author":0,"featured_media":72721,"comment_status":"open","ping_status":"open","sticky":false,"template":"","format":"standard","meta":{"_jetpack_memberships_contains_paid_content":false,"footnotes":""},"categories":[5],"tags":[],"class_list":["post-72720","post","type-post","status-publish","format-standard","has-post-thumbnail","","category-noticias"],"jetpack_sharing_enabled":true,"jetpack_featured_media_url":"https:\/\/mickyandoniehn.com\/radio\/wp-content\/uploads\/2024\/05\/OGD-750x430-1-FcIZxu.png","_links":{"self":[{"href":"https:\/\/mickyandoniehn.com\/radio\/wp-json\/wp\/v2\/posts\/72720","targetHints":{"allow":["GET"]}}],"collection":[{"href":"https:\/\/mickyandoniehn.com\/radio\/wp-json\/wp\/v2\/posts"}],"about":[{"href":"https:\/\/mickyandoniehn.com\/radio\/wp-json\/wp\/v2\/types\/post"}],"replies":[{"embeddable":true,"href":"https:\/\/mickyandoniehn.com\/radio\/wp-json\/wp\/v2\/comments?post=72720"}],"version-history":[{"count":0,"href":"https:\/\/mickyandoniehn.com\/radio\/wp-json\/wp\/v2\/posts\/72720\/revisions"}],"wp:featuredmedia":[{"embeddable":true,"href":"https:\/\/mickyandoniehn.com\/radio\/wp-json\/wp\/v2\/media\/72721"}],"wp:attachment":[{"href":"https:\/\/mickyandoniehn.com\/radio\/wp-json\/wp\/v2\/media?parent=72720"}],"wp:term":[{"taxonomy":"category","embeddable":true,"href":"https:\/\/mickyandoniehn.com\/radio\/wp-json\/wp\/v2\/categories?post=72720"},{"taxonomy":"post_tag","embeddable":true,"href":"https:\/\/mickyandoniehn.com\/radio\/wp-json\/wp\/v2\/tags?post=72720"}],"curies":[{"name":"wp","href":"https:\/\/api.w.org\/{rel}","templated":true}]}}