{"id":72688,"date":"2024-05-29T11:12:46","date_gmt":"2024-05-29T17:12:46","guid":{"rendered":"https:\/\/mickyandoniehn.com\/radio\/2024\/05\/29\/lagrimas-de-un-estudiante-sin-limites-el-libro-del-hondureno-rafael-santos-que-inspira-a-la-preparacion-academica-sin-importar-la-edad\/"},"modified":"2024-05-29T11:12:46","modified_gmt":"2024-05-29T17:12:46","slug":"lagrimas-de-un-estudiante-sin-limites-el-libro-del-hondureno-rafael-santos-que-inspira-a-la-preparacion-academica-sin-importar-la-edad","status":"publish","type":"post","link":"https:\/\/mickyandoniehn.com\/radio\/2024\/05\/29\/lagrimas-de-un-estudiante-sin-limites-el-libro-del-hondureno-rafael-santos-que-inspira-a-la-preparacion-academica-sin-importar-la-edad\/","title":{"rendered":"\u00abL\u00e1grimas de un Estudiante sin L\u00edmites\u00bb: El libro del hondure\u00f1o Rafael Santos que inspira a la preparaci\u00f3n acad\u00e9mica sin importar la edad"},"content":{"rendered":"<\/p>\n<p><strong>29.05.2024<\/strong><\/p>\n<p>Rafael Santos Villela, un hondure\u00f1o originario de la comunidad de La Playona, en el municipio de El Para\u00edso, Cop\u00e1n, y actualmente residente en California, ha lanzado un libro que promete hacer eco tanto en su tierra natal como en el extranjero. Titulado\u00a0<strong>\u00abL\u00e1grimas de un Estudiante sin L\u00edmites\u00bb<\/strong>, esta obra narra su trayectoria acad\u00e9mica y laboral en Honduras, ofreciendo no solo un relato personal conmovedor sino tambi\u00e9n una visi\u00f3n cr\u00edtica y constructiva sobre la educaci\u00f3n en su pa\u00eds.<\/p>\n<div class=\"wp-block-image\">\n<\/div>\n<p>En su libro, Santos Villela subraya la importancia de la preparaci\u00f3n acad\u00e9mica a todos los niveles, sin importar la edad. Propone al gobierno hondure\u00f1o implementar programas masivos de alfabetizaci\u00f3n para adultos, y aboga por el fortalecimiento de la educaci\u00f3n mediante varias iniciativas claves.<\/p>\n<p>Entre sus propuestas se incluyen la creaci\u00f3n de programas de becas para estudiantes de bajos recursos, la provisi\u00f3n de comidas saludables y gratuitas en las escuelas, y la construcci\u00f3n y reparaci\u00f3n de centros educativos. Adem\u00e1s, hace un llamado urgente para mejorar los salarios de los profesionales de la educaci\u00f3n, reconociendo que ellos son fundamentales para formar ciudadanos productivos.<\/p>\n<p>Santos Villela tambi\u00e9n pone \u00e9nfasis en la necesidad de atraer inversi\u00f3n extranjera a Honduras para generar empleos y evitar que los ciudadanos tengan que buscar su futuro en otros pa\u00edses. En la p\u00e1gina 102 de su libro, menciona a Shin Fujiyama, solicitando apoyo para varios proyectos en El Para\u00edso, Cop\u00e1n. Asimismo, hace un llamado a Jeff Bezos, director ejecutivo de Amazon, invit\u00e1ndolo a invertir en Honduras para crear m\u00e1s oportunidades laborales.<\/p>\n<p>No solo se centra en la problem\u00e1tica educativa y econ\u00f3mica; Santos Villela tambi\u00e9n invita al mundo a visitar Honduras, destacando muchos de sus lugares tur\u00edsticos y promoviendo una imagen positiva del pa\u00eds.<\/p>\n<p>\u00abL\u00e1grimas de un Estudiante sin L\u00edmites\u00bb est\u00e1 disponible en Amazon tanto en formato digital como en papel, facilitando su acceso a una amplia audiencia. Este libro es una lectura esencial para quienes se interesan en la educaci\u00f3n, el desarrollo social y las historias de superaci\u00f3n personal, ofreciendo no solo un testimonio de vida sino tambi\u00e9n una serie de propuestas concretas para mejorar la situaci\u00f3n educativa y econ\u00f3mica de Honduras.<\/p>\n<p>En definitiva, Rafael Santos Villela no solo comparte su historia, sino que tambi\u00e9n se convierte en un faro de esperanza y un catalizador de cambio, alentando a otros a so\u00f1ar y luchar por un futuro mejor.<\/p>\n<p>Fuente: diarioroatan.com<\/p>\n","protected":false},"excerpt":{"rendered":"<p>29.05.2024 Rafael Santos Villela, un hondure\u00f1o originario de la comunidad de La Playona, en el municipio de El Para\u00edso, Cop\u00e1n, y actualmente residente en California, ha lanzado un libro que promete hacer eco tanto en su tierra natal como en el extranjero. Titulado\u00a0\u00abL\u00e1grimas de un Estudiante sin L\u00edmites\u00bb, esta obra narra su trayectoria acad\u00e9mica y &hellip;<\/p>\n","protected":false},"author":0,"featured_media":72689,"comment_status":"open","ping_status":"open","sticky":false,"template":"","format":"standard","meta":{"_jetpack_memberships_contains_paid_content":false,"footnotes":""},"categories":[5],"tags":[],"class_list":["post-72688","post","type-post","status-publish","format-standard","has-post-thumbnail","","category-noticias"],"jetpack_sharing_enabled":true,"jetpack_featured_media_url":"https:\/\/mickyandoniehn.com\/radio\/wp-content\/uploads\/2024\/05\/rafael-villela-1_6229105_20231210184236-750x430-1-hwbohz.jpeg","_links":{"self":[{"href":"https:\/\/mickyandoniehn.com\/radio\/wp-json\/wp\/v2\/posts\/72688","targetHints":{"allow":["GET"]}}],"collection":[{"href":"https:\/\/mickyandoniehn.com\/radio\/wp-json\/wp\/v2\/posts"}],"about":[{"href":"https:\/\/mickyandoniehn.com\/radio\/wp-json\/wp\/v2\/types\/post"}],"replies":[{"embeddable":true,"href":"https:\/\/mickyandoniehn.com\/radio\/wp-json\/wp\/v2\/comments?post=72688"}],"version-history":[{"count":0,"href":"https:\/\/mickyandoniehn.com\/radio\/wp-json\/wp\/v2\/posts\/72688\/revisions"}],"wp:featuredmedia":[{"embeddable":true,"href":"https:\/\/mickyandoniehn.com\/radio\/wp-json\/wp\/v2\/media\/72689"}],"wp:attachment":[{"href":"https:\/\/mickyandoniehn.com\/radio\/wp-json\/wp\/v2\/media?parent=72688"}],"wp:term":[{"taxonomy":"category","embeddable":true,"href":"https:\/\/mickyandoniehn.com\/radio\/wp-json\/wp\/v2\/categories?post=72688"},{"taxonomy":"post_tag","embeddable":true,"href":"https:\/\/mickyandoniehn.com\/radio\/wp-json\/wp\/v2\/tags?post=72688"}],"curies":[{"name":"wp","href":"https:\/\/api.w.org\/{rel}","templated":true}]}}