{"id":72571,"date":"2024-05-27T09:12:55","date_gmt":"2024-05-27T15:12:55","guid":{"rendered":"http:\/\/mickyandoniehn.com\/radio\/2024\/05\/27\/mejora-la-calidad-del-aire-en-la-capital-pero-aun-es-perjudicial\/"},"modified":"2024-05-27T09:12:55","modified_gmt":"2024-05-27T15:12:55","slug":"mejora-la-calidad-del-aire-en-la-capital-pero-aun-es-perjudicial","status":"publish","type":"post","link":"https:\/\/mickyandoniehn.com\/radio\/2024\/05\/27\/mejora-la-calidad-del-aire-en-la-capital-pero-aun-es-perjudicial\/","title":{"rendered":"Mejora la calidad del aire en la capital, pero a\u00fan es perjudicial"},"content":{"rendered":"<\/p>\n<p><strong>Tegucigalpa. 27.05.2024<\/strong><\/p>\n<p class=\"mb-6\">Tras las leves lluvias que han ca\u00eddo en el Distrito Central, la calidad del aire ha mejorado, pero sigue siendo \u201cperjudicial\u201d.<\/p>\n<p class=\"mb-6\">Tambi\u00e9n se ha mejorado la visibilidad, pero hasta que las lluvias sean m\u00e1s constantes el \u00cdndice de Calidad del Aire (ICA), ser\u00e1 de mejor calidad.<\/p>\n<p class=\"mb-6\">En las ciudades de Tegucigalpa y Comayag\u00fcela, Distrito Central, Francisco Moraz\u00e1n, la contaminaci\u00f3n ha disminuido, seg\u00fan indican el ICA y las mediciones de la Alcald\u00eda Municipal del Distrito Central (AMDC).<\/p>\n<p class=\"mb-6\">El ICA, en Tegucigalpa ahora es de 92, en el tercer nivel de los seis de contaminaci\u00f3n, que es considerado \u201cperjudicial para grupos sensibles\u201d, seg\u00fan la empresa suiza IQAir.<\/p>\n<p class=\"mb-6\">De acuerdo con los datos de IQAir, la concentraci\u00f3n de part\u00edculas PM 2.5 alcanza los 42.5 microgramos por metro c\u00fabico de aire.<\/p>\n<p>Algunas medidas como el uso de mascarillas KN95 y N95 y evitar la exposici\u00f3n al aire libre pueden contribuir a disminuir los efectos perjudiciales de la bruma.<\/p>\n<h3 class=\"mb-6 font-semibold text-2xl\">\u201cPOCO SALUDABLE\u201d<\/h3>\n<p class=\"mb-6\">La titular de la Unidad Municipal de Gesti\u00f3n Integral de Riesgo (UMGIR) de la AMDC, Ingrid Flores, explic\u00f3 que la calidad del aire ha pasado a ser considerada \u201cpoco saludable para grupos vulnerables\u201d.<\/p>\n<p class=\"mb-6\">Detall\u00f3 que \u201cla disminuci\u00f3n de la contaminaci\u00f3n del aire se debe a la presencia de lluvias en algunos sectores de la capital y municipios aleda\u00f1os, lo que provoca el movimiento del viento\u201d.<\/p>\n<p class=\"mb-6\">Durante la \u00faltima semana, el Distrito Central ha alcanzado niveles de contaminaci\u00f3n considerados \u201cpeligrosos\u201d y \u201cmuy peligrosos\u201d, debido principalmente a los incendios forestales y las quemas de terrenos para la siembra de granos b\u00e1sicos y la agroindustria, tanto en Honduras como en otros pa\u00edses centroamericanos.<\/p>\n<p class=\"mb-6\">Expertos se\u00f1alan que el humo que envuelve a la capital y el resto del pa\u00eds, se ir\u00e1 desapareciendo conforme las lluvias se vuelvan fuertes y continuas.<\/p>\n<p class=\"mb-6\">Esta contaminaci\u00f3n del aire, especialmente por part\u00edculas PM2.5, ha generado alerta en el Centro de Informaci\u00f3n Toxicol\u00f3gico (Centox), de la Universidad Nacional Aut\u00f3noma de Honduras (UNAH).<\/p>\n<p>Hasta que las lluvias sean fuertes y constantes mejorar\u00e1 la contaminaci\u00f3n ambiental en Honduras, seg\u00fan expertos.<\/p>\n<h3 class=\"mb-6 font-semibold text-2xl\">COMPONENTE DA\u00d1INOS<\/h3>\n<p class=\"mb-6\">La especialista en toxicolog\u00eda de Centox, Claudia Caballero, se\u00f1al\u00f3 que la bruma puede contener diversos componentes da\u00f1inos como mon\u00f3xido de carbono, di\u00f3xido de nitr\u00f3geno, di\u00f3xido de azufre, hidrocarburos y material particulado, lo cual agrava las patolog\u00edas de los sistemas circulatorio y respiratorio entre los pobladores.<\/p>\n<p class=\"mb-6\">\u201cLos s\u00edntomas asociados con la exposici\u00f3n a la bruma incluyen irritaci\u00f3n en la garganta, secreci\u00f3n nasal, dolores de cabeza, dificultad respiratoria y, en casos m\u00e1s graves, desencadenamiento de episodios de asma\u201d.<\/p>\n<p class=\"mb-6\">\u201cLos contaminantes presentes en el aire pueden volverse t\u00f3xicos dependiendo de su concentraci\u00f3n y el tiempo de exposici\u00f3n, as\u00ed como la salud general de la persona afectada\u201d, ampli\u00f3 la especialista.<\/p>\n<p class=\"mb-6\">Caballero indic\u00f3 que los contaminantes presentes en la bruma pueden ser producto de diversas fuentes, como la quema de desechos, incendios forestales y emisiones vehiculares, exacerbados por las condiciones clim\u00e1ticas que dificultan su dispersi\u00f3n en el aire.<\/p>\n<p class=\"mb-6\">Ante esta situaci\u00f3n, el Centox hace un llamado a la poblaci\u00f3n a tomar precauciones y seguir las recomendaciones de las autoridades sanitarias para proteger su salud frente a la bruma que afecta a Tegucigalpa.<\/p>\n<p class=\"mb-6\">Algunas medidas como el uso de mascarillas KN95 y N95 y evitar la exposici\u00f3n al aire libre pueden contribuir a disminuir los efectos perjudiciales de la bruma en la salud de los hondure\u00f1os.<\/p>\n<p>Los s\u00edntomas asociados incluyen irritaci\u00f3n en la garganta, secreci\u00f3n nasal, dolores de cabeza, dificultad respiratoria y, en casos m\u00e1s graves, episodios de asma.<\/p>\n<h3 class=\"mb-6 font-semibold text-2xl\">EN GUATEMALA<\/h3>\n<p class=\"mb-6\">Por su lado, el titular de la Secretar\u00eda de Gesti\u00f3n de Riesgos y Contingencias Nacionales (Copeco), Dar\u00edo Garc\u00eda, se\u00f1al\u00f3 que incendios en botaderos de Guatemala y la quema del bosque en Nicaragua, son factores que aumentan de la capa de humo que afecta a Honduras.<\/p>\n<p class=\"mb-6\">\u201cSe trata de varios factores, estos dos han provocado que la bruma o humo se concentre sobre el territorio hondure\u00f1o. Los vientos han hecho que todo se concentre en nuestro territorio y genere un efecto invernadero\u201d, explic\u00f3.<\/p>\n<p class=\"mb-6\">De acuerdo con expertos, los hondure\u00f1os se encuentran bajo un \u201ccoctel t\u00f3xico\u201d conformado por varias part\u00edculas nocivas para la salud.<\/p>\n<p class=\"mb-6\">Los m\u00e9dicos han alertado de un aumento de enfermedades y padecimientos en los siguientes meses.<\/p>\n<p>Fuente: latribuna.hn<\/p>\n","protected":false},"excerpt":{"rendered":"<p>Tegucigalpa. 27.05.2024 Tras las leves lluvias que han ca\u00eddo en el Distrito Central, la calidad del aire ha mejorado, pero sigue siendo \u201cperjudicial\u201d. Tambi\u00e9n se ha mejorado la visibilidad, pero hasta que las lluvias sean m\u00e1s constantes el \u00cdndice de Calidad del Aire (ICA), ser\u00e1 de mejor calidad. En las ciudades de Tegucigalpa y Comayag\u00fcela, &hellip;<\/p>\n","protected":false},"author":0,"featured_media":72572,"comment_status":"open","ping_status":"open","sticky":false,"template":"","format":"standard","meta":{"_jetpack_memberships_contains_paid_content":false,"footnotes":""},"categories":[5],"tags":[],"class_list":["post-72571","post","type-post","status-publish","format-standard","has-post-thumbnail","","category-noticias"],"jetpack_sharing_enabled":true,"jetpack_featured_media_url":"https:\/\/mickyandoniehn.com\/radio\/wp-content\/uploads\/2024\/05\/CONTAMINACION-1-1-AMScB7.jpeg","_links":{"self":[{"href":"https:\/\/mickyandoniehn.com\/radio\/wp-json\/wp\/v2\/posts\/72571","targetHints":{"allow":["GET"]}}],"collection":[{"href":"https:\/\/mickyandoniehn.com\/radio\/wp-json\/wp\/v2\/posts"}],"about":[{"href":"https:\/\/mickyandoniehn.com\/radio\/wp-json\/wp\/v2\/types\/post"}],"replies":[{"embeddable":true,"href":"https:\/\/mickyandoniehn.com\/radio\/wp-json\/wp\/v2\/comments?post=72571"}],"version-history":[{"count":0,"href":"https:\/\/mickyandoniehn.com\/radio\/wp-json\/wp\/v2\/posts\/72571\/revisions"}],"wp:featuredmedia":[{"embeddable":true,"href":"https:\/\/mickyandoniehn.com\/radio\/wp-json\/wp\/v2\/media\/72572"}],"wp:attachment":[{"href":"https:\/\/mickyandoniehn.com\/radio\/wp-json\/wp\/v2\/media?parent=72571"}],"wp:term":[{"taxonomy":"category","embeddable":true,"href":"https:\/\/mickyandoniehn.com\/radio\/wp-json\/wp\/v2\/categories?post=72571"},{"taxonomy":"post_tag","embeddable":true,"href":"https:\/\/mickyandoniehn.com\/radio\/wp-json\/wp\/v2\/tags?post=72571"}],"curies":[{"name":"wp","href":"https:\/\/api.w.org\/{rel}","templated":true}]}}