{"id":72565,"date":"2024-05-27T09:12:49","date_gmt":"2024-05-27T15:12:49","guid":{"rendered":"http:\/\/mickyandoniehn.com\/radio\/2024\/05\/27\/retorno-a-clases-presenciales-este-lunes-en-todos-los-niveles\/"},"modified":"2024-05-27T09:12:49","modified_gmt":"2024-05-27T15:12:49","slug":"retorno-a-clases-presenciales-este-lunes-en-todos-los-niveles","status":"publish","type":"post","link":"https:\/\/mickyandoniehn.com\/radio\/2024\/05\/27\/retorno-a-clases-presenciales-este-lunes-en-todos-los-niveles\/","title":{"rendered":"Retorno a clases presenciales este lunes en todos los niveles"},"content":{"rendered":"<\/p>\n<p><strong>Tegucigalpa. 27.05.2024<\/strong><\/p>\n<p class=\"mb-6\">La Secretar\u00eda de Educaci\u00f3n emiti\u00f3 un comunicado informando que el retorno de las actividades acad\u00e9micas presenciales a partir del lunes 27 de mayo en todos los niveles, jornadas y modalidades de estudio a nivel nacional.<\/p>\n<p class=\"mb-6\">En las localidades donde la contaminaci\u00f3n afecte la calidad del aire, el gobierno recomienda el uso de mascarilla y agrega que quedan suspendidas las actividades deportivas y recreativas al aire libre.<\/p>\n<p class=\"mb-6\">De igual manera, instruy\u00f3 incorporar a los lunes c\u00edvicos espacios de reflexi\u00f3n sobre el cambio clim\u00e1tico y sus consecuencias, propiciando acciones conjuntas en el centro educativo para mitigar los efectos que este fen\u00f3meno ha venido causando.<\/p>\n<p class=\"mb-6\">La Secretar\u00eda de Educaci\u00f3n suspendi\u00f3 las clases presenciales durante la semana pasada ante los altos niveles de contaminaci\u00f3n del aire y las altas temperaturas en el territorio nacional.<\/p>\n<p>Fuente: latribuna.hn<\/p>\n","protected":false},"excerpt":{"rendered":"<p>Tegucigalpa. 27.05.2024 La Secretar\u00eda de Educaci\u00f3n emiti\u00f3 un comunicado informando que el retorno de las actividades acad\u00e9micas presenciales a partir del lunes 27 de mayo en todos los niveles, jornadas y modalidades de estudio a nivel nacional. En las localidades donde la contaminaci\u00f3n afecte la calidad del aire, el gobierno recomienda el uso de mascarilla &hellip;<\/p>\n","protected":false},"author":0,"featured_media":72566,"comment_status":"open","ping_status":"open","sticky":false,"template":"","format":"standard","meta":{"_jetpack_memberships_contains_paid_content":false,"footnotes":""},"categories":[5],"tags":[],"class_list":["post-72565","post","type-post","status-publish","format-standard","has-post-thumbnail","","category-noticias"],"jetpack_sharing_enabled":true,"jetpack_featured_media_url":"https:\/\/mickyandoniehn.com\/radio\/wp-content\/uploads\/2024\/05\/CLASES-HONDURAS-pLw1w7.jpeg","_links":{"self":[{"href":"https:\/\/mickyandoniehn.com\/radio\/wp-json\/wp\/v2\/posts\/72565","targetHints":{"allow":["GET"]}}],"collection":[{"href":"https:\/\/mickyandoniehn.com\/radio\/wp-json\/wp\/v2\/posts"}],"about":[{"href":"https:\/\/mickyandoniehn.com\/radio\/wp-json\/wp\/v2\/types\/post"}],"replies":[{"embeddable":true,"href":"https:\/\/mickyandoniehn.com\/radio\/wp-json\/wp\/v2\/comments?post=72565"}],"version-history":[{"count":0,"href":"https:\/\/mickyandoniehn.com\/radio\/wp-json\/wp\/v2\/posts\/72565\/revisions"}],"wp:featuredmedia":[{"embeddable":true,"href":"https:\/\/mickyandoniehn.com\/radio\/wp-json\/wp\/v2\/media\/72566"}],"wp:attachment":[{"href":"https:\/\/mickyandoniehn.com\/radio\/wp-json\/wp\/v2\/media?parent=72565"}],"wp:term":[{"taxonomy":"category","embeddable":true,"href":"https:\/\/mickyandoniehn.com\/radio\/wp-json\/wp\/v2\/categories?post=72565"},{"taxonomy":"post_tag","embeddable":true,"href":"https:\/\/mickyandoniehn.com\/radio\/wp-json\/wp\/v2\/tags?post=72565"}],"curies":[{"name":"wp","href":"https:\/\/api.w.org\/{rel}","templated":true}]}}