{"id":72505,"date":"2024-05-25T12:12:35","date_gmt":"2024-05-25T18:12:35","guid":{"rendered":"http:\/\/mickyandoniehn.com\/radio\/2024\/05\/25\/ninas-hondurenas-representaran-al-pais-en-competencia-internacional-de-robotica-en-ee-uu\/"},"modified":"2024-05-25T12:12:35","modified_gmt":"2024-05-25T18:12:35","slug":"ninas-hondurenas-representaran-al-pais-en-competencia-internacional-de-robotica-en-ee-uu","status":"publish","type":"post","link":"https:\/\/mickyandoniehn.com\/radio\/2024\/05\/25\/ninas-hondurenas-representaran-al-pais-en-competencia-internacional-de-robotica-en-ee-uu\/","title":{"rendered":"Ni\u00f1as hondure\u00f1as representar\u00e1n al pa\u00eds en competencia internacional de rob\u00f3tica en EE. UU."},"content":{"rendered":"<\/p>\n<p><strong>Tegucigalpa. 24.05.2024<\/strong><\/p>\n<p>Una delegaci\u00f3n de ni\u00f1as hondure\u00f1as de la fundaci\u00f3n STEM llevar\u00e1 con orgullo la bandera de Honduras en la competencia de rob\u00f3tica \u00abWestern Edge Open\u00bb, que se celebrar\u00e1 en California, Estados Unidos. Este evento internacional reunir\u00e1 a los mejores talentos j\u00f3venes en rob\u00f3tica y tecnolog\u00eda.<\/p>\n<p>Esta es la segunda ocasi\u00f3n en la que las talentosas ni\u00f1as hondure\u00f1as participar\u00e1n en esta prestigiosa competencia. Con edades entre los 11 y 15 a\u00f1os, estas j\u00f3venes han demostrado una impresionante habilidad en tecnolog\u00eda, matem\u00e1ticas y rob\u00f3tica, destac\u00e1ndose en cada uno de sus proyectos.<\/p>\n<p>Las representantes hondure\u00f1as fueron seleccionadas a trav\u00e9s de la First Lego League, una competencia que ense\u00f1a y fomenta la rob\u00f3tica en ni\u00f1os desde los 4 a\u00f1os. Este programa educativo les ha permitido desarrollar sus habilidades t\u00e9cnicas y de trabajo en equipo, prepar\u00e1ndolas para enfrentar desaf\u00edos a nivel internacional.<\/p>\n<p>La participaci\u00f3n de estas ni\u00f1as en el \u00abWestern Edge Open\u00bb es un motivo de gran orgullo para Honduras, resaltando el talento y la dedicaci\u00f3n de los j\u00f3venes en el \u00e1mbito de la ciencia y la tecnolog\u00eda.<\/p>\n<p>Fuente: diarioroatan.com<\/p>\n","protected":false},"excerpt":{"rendered":"<p>Tegucigalpa. 24.05.2024 Una delegaci\u00f3n de ni\u00f1as hondure\u00f1as de la fundaci\u00f3n STEM llevar\u00e1 con orgullo la bandera de Honduras en la competencia de rob\u00f3tica \u00abWestern Edge Open\u00bb, que se celebrar\u00e1 en California, Estados Unidos. Este evento internacional reunir\u00e1 a los mejores talentos j\u00f3venes en rob\u00f3tica y tecnolog\u00eda. Esta es la segunda ocasi\u00f3n en la que las &hellip;<\/p>\n","protected":false},"author":0,"featured_media":72506,"comment_status":"open","ping_status":"open","sticky":false,"template":"","format":"standard","meta":{"_jetpack_memberships_contains_paid_content":false,"footnotes":""},"categories":[5],"tags":[],"class_list":["post-72505","post","type-post","status-publish","format-standard","has-post-thumbnail","","category-noticias"],"jetpack_sharing_enabled":true,"jetpack_featured_media_url":"https:\/\/mickyandoniehn.com\/radio\/wp-content\/uploads\/2024\/05\/Captura-de-pantalla-2024-05-24-092423-750x430-1-vs7txh.png","_links":{"self":[{"href":"https:\/\/mickyandoniehn.com\/radio\/wp-json\/wp\/v2\/posts\/72505","targetHints":{"allow":["GET"]}}],"collection":[{"href":"https:\/\/mickyandoniehn.com\/radio\/wp-json\/wp\/v2\/posts"}],"about":[{"href":"https:\/\/mickyandoniehn.com\/radio\/wp-json\/wp\/v2\/types\/post"}],"replies":[{"embeddable":true,"href":"https:\/\/mickyandoniehn.com\/radio\/wp-json\/wp\/v2\/comments?post=72505"}],"version-history":[{"count":0,"href":"https:\/\/mickyandoniehn.com\/radio\/wp-json\/wp\/v2\/posts\/72505\/revisions"}],"wp:featuredmedia":[{"embeddable":true,"href":"https:\/\/mickyandoniehn.com\/radio\/wp-json\/wp\/v2\/media\/72506"}],"wp:attachment":[{"href":"https:\/\/mickyandoniehn.com\/radio\/wp-json\/wp\/v2\/media?parent=72505"}],"wp:term":[{"taxonomy":"category","embeddable":true,"href":"https:\/\/mickyandoniehn.com\/radio\/wp-json\/wp\/v2\/categories?post=72505"},{"taxonomy":"post_tag","embeddable":true,"href":"https:\/\/mickyandoniehn.com\/radio\/wp-json\/wp\/v2\/tags?post=72505"}],"curies":[{"name":"wp","href":"https:\/\/api.w.org\/{rel}","templated":true}]}}