{"id":72495,"date":"2024-05-25T07:12:36","date_gmt":"2024-05-25T13:12:36","guid":{"rendered":"http:\/\/mickyandoniehn.com\/radio\/2024\/05\/25\/honduras-en-la-historia-25-de-mayo-1830-aparece-el-primer-periodico-oficial-de-honduras\/"},"modified":"2024-05-25T07:12:36","modified_gmt":"2024-05-25T13:12:36","slug":"honduras-en-la-historia-25-de-mayo-1830-aparece-el-primer-periodico-oficial-de-honduras","status":"publish","type":"post","link":"https:\/\/mickyandoniehn.com\/radio\/2024\/05\/25\/honduras-en-la-historia-25-de-mayo-1830-aparece-el-primer-periodico-oficial-de-honduras\/","title":{"rendered":"Honduras en la Historia: 25 de mayo 1830, Aparece el Primer peri\u00f3dico oficial de honduras"},"content":{"rendered":"<\/p>\n<div class=\"xdj266r x11i5rnm xat24cr x1mh8g0r x1vvkbs x126k92a\">\n<div>Honduras en la historia, 25 de mayo 1830<\/div>\n<div>Aparece el Primer peri\u00f3dico en Honduras<\/div>\n<div><\/div>\n<\/div>\n<div class=\"x11i5rnm xat24cr x1mh8g0r x1vvkbs xtlvy1s x126k92a\">\n<div>El peri\u00f3dico oficial del gobierno con el nombre gaceta del gobierno apareci\u00f3 por primera vez el 25 de Mayo de 1830, public\u00e1ndose hasta el numero 13, siendo suspendida a consecuencia de la revoluci\u00f3n reaccionar\u00eda que apareci\u00f3 en la costa norte y que encabezaba el General Vicente Dom\u00ednguez quien logro apoderarse del castillo de San Fernando de Omoa donde flameo de nuevo algunos d\u00edas el pabell\u00f3n espa\u00f1ol.<\/div>\n<div><\/div>\n<\/div>\n","protected":false},"excerpt":{"rendered":"<p>Honduras en la historia, 25 de mayo 1830 Aparece el Primer peri\u00f3dico en Honduras El peri\u00f3dico oficial del gobierno con el nombre gaceta del gobierno apareci\u00f3 por primera vez el 25 de Mayo de 1830, public\u00e1ndose hasta el numero 13, siendo suspendida a consecuencia de la revoluci\u00f3n reaccionar\u00eda que apareci\u00f3 en la costa norte y &hellip;<\/p>\n","protected":false},"author":0,"featured_media":72496,"comment_status":"open","ping_status":"open","sticky":false,"template":"","format":"standard","meta":{"_jetpack_memberships_contains_paid_content":false,"footnotes":""},"categories":[5],"tags":[],"class_list":["post-72495","post","type-post","status-publish","format-standard","has-post-thumbnail","","category-noticias"],"jetpack_sharing_enabled":true,"jetpack_featured_media_url":"https:\/\/mickyandoniehn.com\/radio\/wp-content\/uploads\/2024\/05\/25.2-5bU1Kt.jpeg","_links":{"self":[{"href":"https:\/\/mickyandoniehn.com\/radio\/wp-json\/wp\/v2\/posts\/72495","targetHints":{"allow":["GET"]}}],"collection":[{"href":"https:\/\/mickyandoniehn.com\/radio\/wp-json\/wp\/v2\/posts"}],"about":[{"href":"https:\/\/mickyandoniehn.com\/radio\/wp-json\/wp\/v2\/types\/post"}],"replies":[{"embeddable":true,"href":"https:\/\/mickyandoniehn.com\/radio\/wp-json\/wp\/v2\/comments?post=72495"}],"version-history":[{"count":0,"href":"https:\/\/mickyandoniehn.com\/radio\/wp-json\/wp\/v2\/posts\/72495\/revisions"}],"wp:featuredmedia":[{"embeddable":true,"href":"https:\/\/mickyandoniehn.com\/radio\/wp-json\/wp\/v2\/media\/72496"}],"wp:attachment":[{"href":"https:\/\/mickyandoniehn.com\/radio\/wp-json\/wp\/v2\/media?parent=72495"}],"wp:term":[{"taxonomy":"category","embeddable":true,"href":"https:\/\/mickyandoniehn.com\/radio\/wp-json\/wp\/v2\/categories?post=72495"},{"taxonomy":"post_tag","embeddable":true,"href":"https:\/\/mickyandoniehn.com\/radio\/wp-json\/wp\/v2\/tags?post=72495"}],"curies":[{"name":"wp","href":"https:\/\/api.w.org\/{rel}","templated":true}]}}