{"id":72493,"date":"2024-05-25T07:12:34","date_gmt":"2024-05-25T13:12:34","guid":{"rendered":"http:\/\/mickyandoniehn.com\/radio\/2024\/05\/25\/honduras-en-la-historia-25-de-mayo-1897-nace-manuel-caceres-v-el-primer-medico-que-combatio-la-tuberculosis-en-honduras\/"},"modified":"2024-05-25T07:12:34","modified_gmt":"2024-05-25T13:12:34","slug":"honduras-en-la-historia-25-de-mayo-1897-nace-manuel-caceres-v-el-primer-medico-que-combatio-la-tuberculosis-en-honduras","status":"publish","type":"post","link":"https:\/\/mickyandoniehn.com\/radio\/2024\/05\/25\/honduras-en-la-historia-25-de-mayo-1897-nace-manuel-caceres-v-el-primer-medico-que-combatio-la-tuberculosis-en-honduras\/","title":{"rendered":"Honduras en la Historia: 25 de mayo 1897 Nace Manuel C\u00e1ceres V., el primer m\u00e9dico que combati\u00f3 la tuberculosis en Honduras"},"content":{"rendered":"<\/p>\n<div class=\"xdj266r x11i5rnm xat24cr x1mh8g0r x1vvkbs x126k92a\">\n<div>Honduras en la historia, 25 de mayo 1897<\/div>\n<\/div>\n<div class=\"x11i5rnm xat24cr x1mh8g0r x1vvkbs xtlvy1s x126k92a\">\n<div>Nace Manuel C\u00e1ceres Vigil<\/div>\n<div>Naci\u00f3 en Tegucigalpa, el 25 de Mayo de 1897. Hijo del licenciado Carlos C\u00e1ceres Bustillo y de Do\u00f1a Dolores Vijil de C\u00e1ceres. Se gradu\u00f3 de Bachiller en Ciencias y Letras en el Instituto Nacional, el a\u00f1o de 1916, y comenz\u00f3 a estudiar Medicina en la entonces Universidad Central de Tegucigalpa, en 1917. Termin\u00f3 sus estudios en 1925, pero fue hasta 1928 que obtuvo su respectivo t\u00edtulo de Doctor en Medicina y Cirug\u00eda.<\/div>\n<\/div>\n<div class=\"x11i5rnm xat24cr x1mh8g0r x1vvkbs xtlvy1s x126k92a\">\n<div><span class=\"html-span xdj266r x11i5rnm xat24cr x1mh8g0r xexx8yu x4uap5 x18d9i69 xkhd6sd x1hl2dhg x16tdsg8 x1vvkbs\"><a class=\"x1i10hfl xjbqb8w x1ejq31n xd10rxx x1sy0etr x17r0tee x972fbf xcfux6l x1qhh985 xm0m39n x9f619 x1ypdohk xt0psk2 xe8uvvx xdj266r x11i5rnm xat24cr x1mh8g0r xexx8yu x4uap5 x18d9i69 xkhd6sd x16tdsg8 x1hl2dhg xggy1nq x1a2a7pz x1sur9pj xkrqix3 x1fey0fg\" href=\"https:\/\/l.facebook.com\/l.php?u=http%3A%2F%2Fwww.hondurasensusmanos.com%2Fmanuel-caceres-vigil%2F%3Ffbclid%3DIwZXh0bgNhZW0CMTAAAR3lba5bPV-W0ITUbXY6DwiPEjqIdMJREQLfd8yUMbjXZtjc662i222d-fc_aem_ARcRk9WO-jR1xukgq7Fq3xiFXuKlWeESoIFvA6hNiIYuSvsIiPitljmotH7XIbiDyN_dQhpiut1yiJBh9RVVq9VE&amp;h=AT0ZE-BPLBr324m2HdizpugxlnVcLZPeXz35XR5WOyZPIcdaWBp3wc1IZUOyzoHcBnMd3-db2DPwAh9lZxxkWW93Z4y0p5tML7yOlD0cKrKqan6we_nUiQ2hGSJdk94TIo-w&amp;__tn__=-UK-R&amp;c%5B0%5D=AT1SV904T7wxCZAHS2ro070Br0Cp1eWOfZfdidjdn7QNxGCjImzBqNV8WGIovRN40Mq7okmWLsQnSHWIlQGTVKl0oFHAT8T-VnvGOAPffThvsbSOPnlXYfk6qFWIFfcZL6sWSvolokiUOqvnaoGEshmoprG400hX3Q-n2dKoP9zhITIgVpFUUtbV0ffDvCNVPUMPuKPSXSWQuP6ll3DZMgaGUAcOLehiJkph86Zc1YUkhqid\" target=\"_blank\" rel=\"noopener\">http:\/\/www.hondurasensusmanos.com\/manuel-caceres-vigil\/<\/a><\/span> (Haz clic para m\u00e1s informaci\u00f3n)<\/div>\n<div><\/div>\n<\/div>\n","protected":false},"excerpt":{"rendered":"<p>Honduras en la historia, 25 de mayo 1897 Nace Manuel C\u00e1ceres Vigil Naci\u00f3 en Tegucigalpa, el 25 de Mayo de 1897. Hijo del licenciado Carlos C\u00e1ceres Bustillo y de Do\u00f1a Dolores Vijil de C\u00e1ceres. Se gradu\u00f3 de Bachiller en Ciencias y Letras en el Instituto Nacional, el a\u00f1o de 1916, y comenz\u00f3 a estudiar Medicina &hellip;<\/p>\n","protected":false},"author":0,"featured_media":72494,"comment_status":"open","ping_status":"open","sticky":false,"template":"","format":"standard","meta":{"_jetpack_memberships_contains_paid_content":false,"footnotes":""},"categories":[5],"tags":[],"class_list":["post-72493","post","type-post","status-publish","format-standard","has-post-thumbnail","","category-noticias"],"jetpack_sharing_enabled":true,"jetpack_featured_media_url":"https:\/\/mickyandoniehn.com\/radio\/wp-content\/uploads\/2024\/05\/25.3-qdzCKP.jpeg","_links":{"self":[{"href":"https:\/\/mickyandoniehn.com\/radio\/wp-json\/wp\/v2\/posts\/72493","targetHints":{"allow":["GET"]}}],"collection":[{"href":"https:\/\/mickyandoniehn.com\/radio\/wp-json\/wp\/v2\/posts"}],"about":[{"href":"https:\/\/mickyandoniehn.com\/radio\/wp-json\/wp\/v2\/types\/post"}],"replies":[{"embeddable":true,"href":"https:\/\/mickyandoniehn.com\/radio\/wp-json\/wp\/v2\/comments?post=72493"}],"version-history":[{"count":0,"href":"https:\/\/mickyandoniehn.com\/radio\/wp-json\/wp\/v2\/posts\/72493\/revisions"}],"wp:featuredmedia":[{"embeddable":true,"href":"https:\/\/mickyandoniehn.com\/radio\/wp-json\/wp\/v2\/media\/72494"}],"wp:attachment":[{"href":"https:\/\/mickyandoniehn.com\/radio\/wp-json\/wp\/v2\/media?parent=72493"}],"wp:term":[{"taxonomy":"category","embeddable":true,"href":"https:\/\/mickyandoniehn.com\/radio\/wp-json\/wp\/v2\/categories?post=72493"},{"taxonomy":"post_tag","embeddable":true,"href":"https:\/\/mickyandoniehn.com\/radio\/wp-json\/wp\/v2\/tags?post=72493"}],"curies":[{"name":"wp","href":"https:\/\/api.w.org\/{rel}","templated":true}]}}