{"id":72491,"date":"2024-05-25T07:12:32","date_gmt":"2024-05-25T13:12:32","guid":{"rendered":"http:\/\/mickyandoniehn.com\/radio\/2024\/05\/25\/la-historia-del-mundo-y-honduras-25-de-mayo-de-1521-fue-proclamado-el-edicto-de-worms\/"},"modified":"2024-05-25T07:12:32","modified_gmt":"2024-05-25T13:12:32","slug":"la-historia-del-mundo-y-honduras-25-de-mayo-de-1521-fue-proclamado-el-edicto-de-worms","status":"publish","type":"post","link":"https:\/\/mickyandoniehn.com\/radio\/2024\/05\/25\/la-historia-del-mundo-y-honduras-25-de-mayo-de-1521-fue-proclamado-el-edicto-de-worms\/","title":{"rendered":"La Historia del Mundo y Honduras: 25 de Mayo de 1521, fue proclamado el Edicto de Worms"},"content":{"rendered":"<\/p>\n<p>El Edicto de Worms fue proclamado el 25 de mayo de 1521, por el Emperador del Sacro Imperio Romano Germ\u00e1nico, Carlos V, y el cardenal Girolamo Alejandro contra el te\u00f3logo alem\u00e1n Mart\u00edn Lutero. En el documento se declaraba a Lutero como pr\u00f3fugo y hereje (doctrina mantenida en oposici\u00f3n al dogma de cualquier iglesia o credo considerado ortodoxo).<\/p>\n<\/p>\n<p>\u00a0<\/p>\n","protected":false},"excerpt":{"rendered":"<p>El Edicto de Worms fue proclamado el 25 de mayo de 1521, por el Emperador del Sacro Imperio Romano Germ\u00e1nico, Carlos V, y el cardenal Girolamo Alejandro contra el te\u00f3logo alem\u00e1n Mart\u00edn Lutero. En el documento se declaraba a Lutero como pr\u00f3fugo y hereje (doctrina mantenida en oposici\u00f3n al dogma de cualquier iglesia o credo &hellip;<\/p>\n","protected":false},"author":0,"featured_media":72492,"comment_status":"open","ping_status":"open","sticky":false,"template":"","format":"standard","meta":{"_jetpack_memberships_contains_paid_content":false,"footnotes":""},"categories":[5],"tags":[],"class_list":["post-72491","post","type-post","status-publish","format-standard","has-post-thumbnail","","category-noticias"],"jetpack_sharing_enabled":true,"jetpack_featured_media_url":"https:\/\/mickyandoniehn.com\/radio\/wp-content\/uploads\/2024\/05\/25-de-Mayo-de-1521-Fue-proclamado-el-Edicto-de-Worms-8wrChv.jpeg","_links":{"self":[{"href":"https:\/\/mickyandoniehn.com\/radio\/wp-json\/wp\/v2\/posts\/72491","targetHints":{"allow":["GET"]}}],"collection":[{"href":"https:\/\/mickyandoniehn.com\/radio\/wp-json\/wp\/v2\/posts"}],"about":[{"href":"https:\/\/mickyandoniehn.com\/radio\/wp-json\/wp\/v2\/types\/post"}],"replies":[{"embeddable":true,"href":"https:\/\/mickyandoniehn.com\/radio\/wp-json\/wp\/v2\/comments?post=72491"}],"version-history":[{"count":0,"href":"https:\/\/mickyandoniehn.com\/radio\/wp-json\/wp\/v2\/posts\/72491\/revisions"}],"wp:featuredmedia":[{"embeddable":true,"href":"https:\/\/mickyandoniehn.com\/radio\/wp-json\/wp\/v2\/media\/72492"}],"wp:attachment":[{"href":"https:\/\/mickyandoniehn.com\/radio\/wp-json\/wp\/v2\/media?parent=72491"}],"wp:term":[{"taxonomy":"category","embeddable":true,"href":"https:\/\/mickyandoniehn.com\/radio\/wp-json\/wp\/v2\/categories?post=72491"},{"taxonomy":"post_tag","embeddable":true,"href":"https:\/\/mickyandoniehn.com\/radio\/wp-json\/wp\/v2\/tags?post=72491"}],"curies":[{"name":"wp","href":"https:\/\/api.w.org\/{rel}","templated":true}]}}