{"id":72444,"date":"2024-05-23T12:12:51","date_gmt":"2024-05-23T18:12:51","guid":{"rendered":"http:\/\/mickyandoniehn.com\/radio\/2024\/05\/23\/honduras-en-alerta-maxima-por-brote-de-dengue-con-mas-de-16-mil-casos-y-10-fallecimientos\/"},"modified":"2024-05-23T12:12:51","modified_gmt":"2024-05-23T18:12:51","slug":"honduras-en-alerta-maxima-por-brote-de-dengue-con-mas-de-16-mil-casos-y-10-fallecimientos","status":"publish","type":"post","link":"https:\/\/mickyandoniehn.com\/radio\/2024\/05\/23\/honduras-en-alerta-maxima-por-brote-de-dengue-con-mas-de-16-mil-casos-y-10-fallecimientos\/","title":{"rendered":"Honduras en alerta m\u00e1xima por brote de dengue con m\u00e1s de 16 mil casos y 10 fallecimientos"},"content":{"rendered":"<\/p>\n<p class=\"mb-6\">Las autoridades sanitarias de Honduras han declarado una alerta m\u00e1xima en todo el pa\u00eds debido a un grave brote de dengue, acumulando m\u00e1s de 16 mil casos y 10 fallecimientos confirmados en lo que va del a\u00f1o, inform\u00f3 este jueves el portavoz de la Secretar\u00eda de Salud, Miguel Osorio.<\/p>\n<p class=\"mb-6\">Desde el 1 de enero hasta la fecha, se han registrado 16,159 casos positivos de dengue a nivel nacional. Ante este alarmante incremento, se ha decidido implementar una serie de medidas urgentes para controlar la situaci\u00f3n y atender a los afectados.<\/p>\n<p class=\"mb-6\">Entre las acciones tomadas, se destaca la habilitaci\u00f3n de salas especiales en nueve hospitales para atender exclusivamente a los pacientes con dengue.<\/p>\n<p class=\"mb-6\">Esta medida se ha visto como necesaria debido a que muchos hospitales est\u00e1n al l\u00edmite de su capacidad. Adem\u00e1s, se contratar\u00e1 nuevo personal m\u00e9dico para reforzar la atenci\u00f3n en estas salas dedicadas.<\/p>\n<p class=\"mb-6\">Osorio se\u00f1al\u00f3 que los casos han ido en aumento constante, con 1,762 nuevos casos confirmados en la semana epidemiol\u00f3gica 17. Diez regiones sanitarias del pa\u00eds presentan casos que igualan o superan los 50.<\/p>\n<p class=\"mb-6\">El portavoz tambi\u00e9n subray\u00f3 la importancia de las medidas de prevenci\u00f3n por parte de la poblaci\u00f3n para evitar que los casos sigan aumentando. Las autoridades de salud contin\u00faan realizando operativos de fumigaci\u00f3n en las zonas m\u00e1s afectadas por los brotes.<\/p>\n","protected":false},"excerpt":{"rendered":"<p>Las autoridades sanitarias de Honduras han declarado una alerta m\u00e1xima en todo el pa\u00eds debido a un grave brote de dengue, acumulando m\u00e1s de 16 mil casos y 10 fallecimientos confirmados en lo que va del a\u00f1o, inform\u00f3 este jueves el portavoz de la Secretar\u00eda de Salud, Miguel Osorio. Desde el 1 de enero hasta &hellip;<\/p>\n","protected":false},"author":0,"featured_media":72445,"comment_status":"open","ping_status":"open","sticky":false,"template":"","format":"standard","meta":{"_jetpack_memberships_contains_paid_content":false,"footnotes":""},"categories":[5],"tags":[],"class_list":["post-72444","post","type-post","status-publish","format-standard","has-post-thumbnail","","category-noticias"],"jetpack_sharing_enabled":true,"jetpack_featured_media_url":"https:\/\/mickyandoniehn.com\/radio\/wp-content\/uploads\/2024\/05\/DENGUE-MIrA63.jpeg","_links":{"self":[{"href":"https:\/\/mickyandoniehn.com\/radio\/wp-json\/wp\/v2\/posts\/72444","targetHints":{"allow":["GET"]}}],"collection":[{"href":"https:\/\/mickyandoniehn.com\/radio\/wp-json\/wp\/v2\/posts"}],"about":[{"href":"https:\/\/mickyandoniehn.com\/radio\/wp-json\/wp\/v2\/types\/post"}],"replies":[{"embeddable":true,"href":"https:\/\/mickyandoniehn.com\/radio\/wp-json\/wp\/v2\/comments?post=72444"}],"version-history":[{"count":0,"href":"https:\/\/mickyandoniehn.com\/radio\/wp-json\/wp\/v2\/posts\/72444\/revisions"}],"wp:featuredmedia":[{"embeddable":true,"href":"https:\/\/mickyandoniehn.com\/radio\/wp-json\/wp\/v2\/media\/72445"}],"wp:attachment":[{"href":"https:\/\/mickyandoniehn.com\/radio\/wp-json\/wp\/v2\/media?parent=72444"}],"wp:term":[{"taxonomy":"category","embeddable":true,"href":"https:\/\/mickyandoniehn.com\/radio\/wp-json\/wp\/v2\/categories?post=72444"},{"taxonomy":"post_tag","embeddable":true,"href":"https:\/\/mickyandoniehn.com\/radio\/wp-json\/wp\/v2\/tags?post=72444"}],"curies":[{"name":"wp","href":"https:\/\/api.w.org\/{rel}","templated":true}]}}