{"id":72442,"date":"2024-05-23T12:12:49","date_gmt":"2024-05-23T18:12:49","guid":{"rendered":"http:\/\/mickyandoniehn.com\/radio\/2024\/05\/23\/fallece-la-voz-de-oro-carlos-daniel-villalta\/"},"modified":"2024-05-23T12:12:49","modified_gmt":"2024-05-23T18:12:49","slug":"fallece-la-voz-de-oro-carlos-daniel-villalta","status":"publish","type":"post","link":"https:\/\/mickyandoniehn.com\/radio\/2024\/05\/23\/fallece-la-voz-de-oro-carlos-daniel-villalta\/","title":{"rendered":"Fallece la \u201cVoz de Oro\u201d, Carlos Daniel Villalta"},"content":{"rendered":"<\/p>\n<p class=\"mb-6\"><em><strong>SIGUATEPEQUE, Comayagua.<\/strong><\/em>A la edad de 69 a\u00f1os, falleci\u00f3 en la ciudad de Siguatepeque, su lugar de nacimiento, el reconocido locutor y comunicador social, Carlos Daniel Villalta L\u00f3pez, conocido art\u00edsticamente como Carlos Daniel Villalta del Castillo.<\/p>\n<p class=\"mb-6\">En vida, Carlos Daniel Villalta dej\u00f3 una huella imborrable en el \u00e1mbito de la comunicaci\u00f3n a nivel nacional, habiendo sido una de las voces de campa\u00f1a del extinto expresidente de la Rep\u00fablica, Rafael Leonardo Callejas Romero, entre otras faenas profesionales.<\/p>\n<div class=\"fs-dynamic\">\n<div>\n<div>\n<div class=\"__fs-ancillary\">\n<div class=\"__fs-branding\"><a href=\"https:\/\/ads.freestar.com\/?utm_campaign=branding&amp;utm_medium=dynamicAd&amp;utm_source=latribuna.hn&amp;utm_content=latribuna_incontent_dynamic_article\" target=\"_blank\" rel=\"noopener\"><\/a><\/div>\n<\/div>\n<\/div>\n<\/div>\n<\/div>\n<p class=\"mb-6\">De igual forma, trabaj\u00f3 como locutor en la Radio Nacional de Honduras, Radio Cielo, Sensa Stereo, Radio Pinares y Circuito Centro Radial, adem\u00e1s se desempe\u00f1\u00f3 como presentador de noticias en Fantas\u00eda Stereo en el noticiario Frecuencia Libre.<\/p>\n<p class=\"mb-6\">Del mismo modo fue una vers\u00e1til voz para grabaciones nacionales e internacionales y dirigi\u00f3 y present\u00f3 el popular programa radial \u201cArmon\u00edas del Pasado\u201d, del gusto de toda la poblaci\u00f3n del \u201caltiplano central\u201d.<\/p>\n<div class=\"fs-dynamic\">\n<div>\n<div>\n<div class=\"__fs-ancillary\">\n<div class=\"__fs-branding\"><a href=\"https:\/\/ads.freestar.com\/?utm_campaign=branding&amp;utm_medium=dynamicAd&amp;utm_source=latribuna.hn&amp;utm_content=latribuna_incontent_dynamic_article\" target=\"_blank\" rel=\"noopener\"><\/a><\/div>\n<\/div>\n<\/div>\n<\/div>\n<\/div>\n<p class=\"mb-6\">Carlos Daniel Villalta tambi\u00e9n hizo historia como el primer presidente de la Asociaci\u00f3n de Prensa de Honduras (APH), en la zona, luchando incansablemente por los derechos de sus colegas y logr\u00f3 importantes conquistas para su gremio.<\/p>\n<p>Cuando se fund\u00f3 el cap\u00edtulo de la APH en Siguatepeque, Carlos Daniel Villalta, con la corresponsal Rosario Montoya; Marco Antonio Montenegro (QDDG) y otros comunicadores de la zona.<\/p>\n<h3 class=\"mb-6 font-semibold text-2xl\">BARRIO SAN JUAN<\/h3>\n<p class=\"mb-6\">El comunicador tambi\u00e9n fue un destacado l\u00edder del barrio San Juan, donde residi\u00f3 por muchos a\u00f1os y presidi\u00f3 el patronato, alcanzando proyectos importantes que a\u00fan perduran en la zona.<\/p>\n<p class=\"mb-6\">Al respecto, el expresidente de la Asociaci\u00f3n de Prensa Independiente de Siguatepeque (2004-2006), Rafael Zepeda Ramos, expres\u00f3 su profundo pesar por el fallecimiento de Carlos Daniel Villalta, destacando su notable trayectoria en los medios de comunicaci\u00f3n a nivel nacional, departamental y local.<\/p>\n<p class=\"mb-6\">Los restos mortales de Daniel Villalta fueron velados el d\u00eda martes 21 de mayo en la funeraria municipal conocida como La Casa del Pueblo, donde centenares de personas se reunieron para ofrecer sus condolencias a la familia y despedir al reconocido comunicador.<\/p>\n<p class=\"mb-6\">Al d\u00eda siguiente, quien en vida fuese Carlos Daniel Villata L\u00f3pez, fue sepultado a las 8:00 de la ma\u00f1ana en el cementerio Las Mercedes de Siguatepeque, acompa\u00f1ado de familiares, amigos y compa\u00f1eros de la locuci\u00f3n.<\/p>\n<p class=\"mb-6\">La partida de Carlos Daniel Villalta del Castillo deja un legado de profesionalismo, dedicaci\u00f3n y compromiso con la comunidad y el periodismo hondure\u00f1o.\u00a0<em><strong>(REMB)<\/strong><\/em><\/p>\n<p>El expresidente de la Asociaci\u00f3n de Prensa Independiente de Siguatepeque (2004-2006), Rafael Zepeda Ramos, expres\u00f3 su profundo pesar por el fallecimiento de Villalta.<\/p>\n","protected":false},"excerpt":{"rendered":"<p>SIGUATEPEQUE, Comayagua.A la edad de 69 a\u00f1os, falleci\u00f3 en la ciudad de Siguatepeque, su lugar de nacimiento, el reconocido locutor y comunicador social, Carlos Daniel Villalta L\u00f3pez, conocido art\u00edsticamente como Carlos Daniel Villalta del Castillo. En vida, Carlos Daniel Villalta dej\u00f3 una huella imborrable en el \u00e1mbito de la comunicaci\u00f3n a nivel nacional, habiendo sido &hellip;<\/p>\n","protected":false},"author":0,"featured_media":72443,"comment_status":"open","ping_status":"open","sticky":false,"template":"","format":"standard","meta":{"_jetpack_memberships_contains_paid_content":false,"footnotes":""},"categories":[5],"tags":[],"class_list":["post-72442","post","type-post","status-publish","format-standard","has-post-thumbnail","","category-noticias"],"jetpack_sharing_enabled":true,"jetpack_featured_media_url":"https:\/\/mickyandoniehn.com\/radio\/wp-content\/uploads\/2024\/05\/SIGUATEPEQUE-FALLECE-DANIEL-VILLALTA-Q7xp7Z.jpeg","_links":{"self":[{"href":"https:\/\/mickyandoniehn.com\/radio\/wp-json\/wp\/v2\/posts\/72442","targetHints":{"allow":["GET"]}}],"collection":[{"href":"https:\/\/mickyandoniehn.com\/radio\/wp-json\/wp\/v2\/posts"}],"about":[{"href":"https:\/\/mickyandoniehn.com\/radio\/wp-json\/wp\/v2\/types\/post"}],"replies":[{"embeddable":true,"href":"https:\/\/mickyandoniehn.com\/radio\/wp-json\/wp\/v2\/comments?post=72442"}],"version-history":[{"count":0,"href":"https:\/\/mickyandoniehn.com\/radio\/wp-json\/wp\/v2\/posts\/72442\/revisions"}],"wp:featuredmedia":[{"embeddable":true,"href":"https:\/\/mickyandoniehn.com\/radio\/wp-json\/wp\/v2\/media\/72443"}],"wp:attachment":[{"href":"https:\/\/mickyandoniehn.com\/radio\/wp-json\/wp\/v2\/media?parent=72442"}],"wp:term":[{"taxonomy":"category","embeddable":true,"href":"https:\/\/mickyandoniehn.com\/radio\/wp-json\/wp\/v2\/categories?post=72442"},{"taxonomy":"post_tag","embeddable":true,"href":"https:\/\/mickyandoniehn.com\/radio\/wp-json\/wp\/v2\/tags?post=72442"}],"curies":[{"name":"wp","href":"https:\/\/api.w.org\/{rel}","templated":true}]}}