{"id":72403,"date":"2024-05-22T15:12:50","date_gmt":"2024-05-22T21:12:50","guid":{"rendered":"https:\/\/mickyandoniehn.com\/radio\/2024\/05\/22\/secretaria-de-salud-emite-alerta-por-incremento-de-casos-sospechosos-de-dengue\/"},"modified":"2024-05-22T15:12:50","modified_gmt":"2024-05-22T21:12:50","slug":"secretaria-de-salud-emite-alerta-por-incremento-de-casos-sospechosos-de-dengue","status":"publish","type":"post","link":"https:\/\/mickyandoniehn.com\/radio\/2024\/05\/22\/secretaria-de-salud-emite-alerta-por-incremento-de-casos-sospechosos-de-dengue\/","title":{"rendered":"Secretar\u00eda de Salud emite alerta por incremento de casos sospechosos de dengue"},"content":{"rendered":"<\/p>\n<p><strong>Tegucigalpa. 22.05.2024<\/strong><\/p>\n<p class=\"mb-6\">La Secretar\u00eda de Salud emiti\u00f3 este mi\u00e9rcoles una alerta epidemiol\u00f3gica a todo su personal a nivel nacional por el incremento de casos sospechosos de dengue, al tiempo que instruye a intensificar las acciones para contrarrestar el mosquito transmisor en las zonas de mayor incidencia del pa\u00eds.<\/p>\n<p class=\"mb-6\">\n<div class=\"fs-dynamic\">\n<div>\n<div>\n<div class=\"__fs-ancillary\">\n<div class=\"__fs-branding\">\u201cA todos las Regiones Sanitarias y en especial: Regi\u00f3n Metropolitana del Distrito Central, Regi\u00f3n de Cort\u00e9s San Pedro Sula, La Paz y Atl\u00e1ntida y el resto de las Regiones Sanitaria, a partir de este momento intensificar las acciones principalmente en las de mayor incidencia\u201d, detalla la alerta.<\/div>\n<\/div>\n<\/div>\n<\/div>\n<\/div>\n<h4><em><strong>SITUACI\u00d3N ACTUAL DE DENGUE EN HONDURAS<\/strong><\/em><\/h4>\n<p class=\"mb-6\">\n<div class=\"fs-dynamic\">\n<div>\n<div>\n<div class=\"__fs-ancillary\">\n<div class=\"__fs-branding\"><\/div>\n<\/div>\n<\/div>\n<\/div>\n<\/div>\n<p class=\"mb-6\">\n<p class=\"mb-6\">\n<div class=\"fs-dynamic\">\n<div>\n<div>\n<div class=\"__fs-ancillary\">\n<div class=\"__fs-branding\"><a href=\"https:\/\/ads.freestar.com\/?utm_campaign=branding&amp;utm_medium=dynamicAd&amp;utm_source=latribuna.hn&amp;utm_content=latribuna_incontent_dynamic_article\" target=\"_blank\" rel=\"noopener\"><\/a><\/div>\n<\/div>\n<\/div>\n<\/div>\n<\/div>\n<p class=\"mb-6\">\n<p class=\"mb-6\">\n","protected":false},"excerpt":{"rendered":"<p>Tegucigalpa. 22.05.2024 La Secretar\u00eda de Salud emiti\u00f3 este mi\u00e9rcoles una alerta epidemiol\u00f3gica a todo su personal a nivel nacional por el incremento de casos sospechosos de dengue, al tiempo que instruye a intensificar las acciones para contrarrestar el mosquito transmisor en las zonas de mayor incidencia del pa\u00eds. \u201cA todos las Regiones Sanitarias y en &hellip;<\/p>\n","protected":false},"author":0,"featured_media":72404,"comment_status":"open","ping_status":"open","sticky":false,"template":"","format":"standard","meta":{"_jetpack_memberships_contains_paid_content":false,"footnotes":""},"categories":[5],"tags":[],"class_list":["post-72403","post","type-post","status-publish","format-standard","has-post-thumbnail","","category-noticias"],"jetpack_sharing_enabled":true,"jetpack_featured_media_url":"https:\/\/mickyandoniehn.com\/radio\/wp-content\/uploads\/2024\/05\/Dengue-3-SQiNBE.jpeg","_links":{"self":[{"href":"https:\/\/mickyandoniehn.com\/radio\/wp-json\/wp\/v2\/posts\/72403","targetHints":{"allow":["GET"]}}],"collection":[{"href":"https:\/\/mickyandoniehn.com\/radio\/wp-json\/wp\/v2\/posts"}],"about":[{"href":"https:\/\/mickyandoniehn.com\/radio\/wp-json\/wp\/v2\/types\/post"}],"replies":[{"embeddable":true,"href":"https:\/\/mickyandoniehn.com\/radio\/wp-json\/wp\/v2\/comments?post=72403"}],"version-history":[{"count":0,"href":"https:\/\/mickyandoniehn.com\/radio\/wp-json\/wp\/v2\/posts\/72403\/revisions"}],"wp:featuredmedia":[{"embeddable":true,"href":"https:\/\/mickyandoniehn.com\/radio\/wp-json\/wp\/v2\/media\/72404"}],"wp:attachment":[{"href":"https:\/\/mickyandoniehn.com\/radio\/wp-json\/wp\/v2\/media?parent=72403"}],"wp:term":[{"taxonomy":"category","embeddable":true,"href":"https:\/\/mickyandoniehn.com\/radio\/wp-json\/wp\/v2\/categories?post=72403"},{"taxonomy":"post_tag","embeddable":true,"href":"https:\/\/mickyandoniehn.com\/radio\/wp-json\/wp\/v2\/tags?post=72403"}],"curies":[{"name":"wp","href":"https:\/\/api.w.org\/{rel}","templated":true}]}}