{"id":72401,"date":"2024-05-22T14:12:40","date_gmt":"2024-05-22T20:12:40","guid":{"rendered":"https:\/\/mickyandoniehn.com\/radio\/2024\/05\/22\/muere-omar-geles-cantante-del-vallenato-los-caminos-de-la-vida\/"},"modified":"2024-05-22T14:12:40","modified_gmt":"2024-05-22T20:12:40","slug":"muere-omar-geles-cantante-del-vallenato-los-caminos-de-la-vida","status":"publish","type":"post","link":"https:\/\/mickyandoniehn.com\/radio\/2024\/05\/22\/muere-omar-geles-cantante-del-vallenato-los-caminos-de-la-vida\/","title":{"rendered":"Muere Omar Geles, cantante del vallenato \u201clos caminos de la vida\u201d"},"content":{"rendered":"<\/p>\n<p class=\"mb-6\">El compositor, cantante y acordeonista colombiano Omar Geles, autor del \u00e9xito \u2018Los caminos de la vida\u2019 y que integr\u00f3 con Miguel Morales la agrupaci\u00f3n de m\u00fasica vallenata Los diablitos, falleci\u00f3 este martes a los 57 a\u00f1os de edad.<\/p>\n<p class=\"mb-6\">Geles, que fue rey vallenato en 1989, falleci\u00f3 en la Cl\u00ednica Erasmo de Valledupar, ciudad considerada la capital mundial de esta m\u00fasica, tras sufrir un problema card\u00edaco mientras hac\u00eda deporte.<\/p>\n<p class=\"mb-6\">\u201cDe luto el folclor. Muri\u00f3 en Valledupar el Rey Vallenato Omar Antonio Geles Su\u00e1rez. \u00c9l, en su carrera musical como acordeonero y compositor cosech\u00f3 grandes triunfos y supo darle gloria y honra a la m\u00fasica que tanto am\u00f3 hasta sus \u00faltimos d\u00edas. Paz en su tumba. Adi\u00f3s al Rey\u201d, escribi\u00f3 en su cuenta de X el Festival de la Leyenda Vallenata.<\/p>\n<p class=\"mb-6\">La muerte de Geles fue lamentada tambi\u00e9n por Carlos Vives, quien lo record\u00f3 adem\u00e1s de m\u00fasico como \u201cun talentoso actor\u201d con el que comparti\u00f3 en algunas series de televisi\u00f3n sobre artistas vallenatos.<\/p>\n<p class=\"mb-6\">\u201cNo es f\u00e1cil aceptar que un artista como Omar Geles, con tanto talento, con tanta alegr\u00eda, con tantas historias por contar, con tanto amor para la gente se haya ido de repente. Podr\u00eda contarles muchas historias de un artista verdaderamente fraterno, sin ego\u00edsmos, y querido por todos\u201d, escribi\u00f3 Vives en sus redes sociales.<\/p>\n<p class=\"mb-6\">La cantante Adriana Luc\u00eda record\u00f3 tambi\u00e9n el talento de Omar Geles no solo como compositor, cantante y acordeonista sino tambi\u00e9n como productor musical.<\/p>\n<p class=\"mb-6\">\u201cOmar Geles fue mi primer productor. Una de las personas m\u00e1s importantes en mi vida art\u00edstica. Siempre crey\u00f3 en m\u00ed. Hace poco volvimos a hablar y parec\u00eda como si nunca hubieran pasado los a\u00f1os. Mi sentido p\u00e9same y oraciones para su familia por la que tengo tanto cari\u00f1o\u201d, escribi\u00f3 la cantante.<\/p>\n<p class=\"mb-6\">Tras conocer la noticia del fallecimiento, una multitud se congreg\u00f3 en frente a la cl\u00ednica de Valledupar donde falleci\u00f3 Geles para cantar sus canciones.<\/p>\n<h2>Legado musical inmenso<\/h2>\n<p class=\"mb-6\">Omar Geles y su socio Miguel Morales crearon en 1985 la agrupaci\u00f3n Los Diablitos, que se hizo muy popular en Colombia y otros pa\u00edses latinoamericanos, como Venezuela y Paraguay, con vallenatos rom\u00e1nticos y \u00e9xitos como \u2018Los caminos de la vida\u2019 y \u2018C\u00f3mo le pago a mi Dios\u2019.<\/p>\n<p class=\"mb-6\">En 2004, tras separarse de Morales, el artista cambi\u00f3 el nombre del conjunto a La Gente de Omar Geles con la que se mantuvo activo hasta la fecha.<\/p>\n<p class=\"mb-6\">La \u00faltima presentaci\u00f3n de Geles en un escenario tuvo lugar el pasado s\u00e1bado en el estadio El Camp\u00edn de Bogot\u00e1 donde particip\u00f3 con otros artistas en el multitudinario concierto del tambi\u00e9n artista vallenato Silvestre Dangond.<\/p>\n<p class=\"mb-6\">Esa noche subi\u00f3 a la tarima para el homenaje \u2018A blanco y negro\u2019, en el que junto a otros artistas vallenatos como Elder Day\u00e1n, Karen Lizarazo, Gusi, Penchy Castro, Rafa P\u00e9rez, Diego Daza y Churo D\u00edaz, cant\u00f3 junto a Silvestre.<\/p>\n<p class=\"mb-6\">\u201cT\u00fa no necesitas presentaci\u00f3n, todos saben el amor inmenso que siento por ti y por tus canciones. Media carrera m\u00eda est\u00e1 en tus manos, negro. Te adoro, mi negro, te quiero\u201d, le dijo esa noche Silvestre a Geles al agradecerle por haberle inspirado con sus composiciones y su m\u00fasica.<\/p>\n<p class=\"mb-6\">Silvestre Dangond grab\u00f3 varias canciones de autor\u00eda de Omar Geles, como \u2018A blanco y negro\u2019, \u2018Las locuras m\u00edas\u2019 y \u2018Me gusta, me gusta\u2019.<\/p>\n<p class=\"mb-6\">Omar Geles dej\u00f3 un enorme legado musical como compositor de canciones entre las que figuran adem\u00e1s \u2018Tarde lo conoc\u00ed\u2019, convertida en \u00e9xito en los a\u00f1os 90 por Patricia Teher\u00e1n y el conjunto Las Diosas del Vallenato, y otras como \u2018No intentes\u2019, \u2018Una hoja en blanco\u2019 y \u2018Sue\u00f1os de olvido\u2019.\u00a0<strong>efe<\/strong><\/p>\n","protected":false},"excerpt":{"rendered":"<p>El compositor, cantante y acordeonista colombiano Omar Geles, autor del \u00e9xito \u2018Los caminos de la vida\u2019 y que integr\u00f3 con Miguel Morales la agrupaci\u00f3n de m\u00fasica vallenata Los diablitos, falleci\u00f3 este martes a los 57 a\u00f1os de edad. Geles, que fue rey vallenato en 1989, falleci\u00f3 en la Cl\u00ednica Erasmo de Valledupar, ciudad considerada la &hellip;<\/p>\n","protected":false},"author":0,"featured_media":72402,"comment_status":"open","ping_status":"open","sticky":false,"template":"","format":"standard","meta":{"_jetpack_memberships_contains_paid_content":false,"footnotes":""},"categories":[5],"tags":[],"class_list":["post-72401","post","type-post","status-publish","format-standard","has-post-thumbnail","","category-noticias"],"jetpack_sharing_enabled":true,"jetpack_featured_media_url":"https:\/\/mickyandoniehn.com\/radio\/wp-content\/uploads\/2024\/05\/Muere-Omar-Geles-I5X37A.jpeg","_links":{"self":[{"href":"https:\/\/mickyandoniehn.com\/radio\/wp-json\/wp\/v2\/posts\/72401","targetHints":{"allow":["GET"]}}],"collection":[{"href":"https:\/\/mickyandoniehn.com\/radio\/wp-json\/wp\/v2\/posts"}],"about":[{"href":"https:\/\/mickyandoniehn.com\/radio\/wp-json\/wp\/v2\/types\/post"}],"replies":[{"embeddable":true,"href":"https:\/\/mickyandoniehn.com\/radio\/wp-json\/wp\/v2\/comments?post=72401"}],"version-history":[{"count":0,"href":"https:\/\/mickyandoniehn.com\/radio\/wp-json\/wp\/v2\/posts\/72401\/revisions"}],"wp:featuredmedia":[{"embeddable":true,"href":"https:\/\/mickyandoniehn.com\/radio\/wp-json\/wp\/v2\/media\/72402"}],"wp:attachment":[{"href":"https:\/\/mickyandoniehn.com\/radio\/wp-json\/wp\/v2\/media?parent=72401"}],"wp:term":[{"taxonomy":"category","embeddable":true,"href":"https:\/\/mickyandoniehn.com\/radio\/wp-json\/wp\/v2\/categories?post=72401"},{"taxonomy":"post_tag","embeddable":true,"href":"https:\/\/mickyandoniehn.com\/radio\/wp-json\/wp\/v2\/tags?post=72401"}],"curies":[{"name":"wp","href":"https:\/\/api.w.org\/{rel}","templated":true}]}}