{"id":72397,"date":"2024-05-22T14:12:36","date_gmt":"2024-05-22T20:12:36","guid":{"rendered":"https:\/\/mickyandoniehn.com\/radio\/2024\/05\/22\/integrantes-de-comite-civico-listos-para-planear-proximas-fiestas-patrias\/"},"modified":"2024-05-22T14:12:36","modified_gmt":"2024-05-22T20:12:36","slug":"integrantes-de-comite-civico-listos-para-planear-proximas-fiestas-patrias","status":"publish","type":"post","link":"https:\/\/mickyandoniehn.com\/radio\/2024\/05\/22\/integrantes-de-comite-civico-listos-para-planear-proximas-fiestas-patrias\/","title":{"rendered":"Integrantes de Comit\u00e9 C\u00edvico listos para planear pr\u00f3ximas fiestas patrias"},"content":{"rendered":"<\/p>\n<p class=\"mb-6\"><em><strong>Tegucigalpa.<\/strong><\/em>Durante una ceremonia solemne, el viceministro de Educaci\u00f3n, Edwin Hern\u00e1ndez, jurament\u00f3 a los miembros del Comit\u00e9 C\u00edvico Interinstitucional Permanente (COCIP).<\/p>\n<p class=\"mb-6\">Los integrantes del comit\u00e9 tendr\u00e1n la funci\u00f3n de planificar, organizar y desarrollar las actividades c\u00edvicas en el marco de los festejos de las fiestas patrias 2024.<\/p>\n<p class=\"mb-6\">Tras asumir la promesa de Ley, los representantes de este organismo se comprometieron a poner su mejor esfuerzo para que los festejos a la Patria sean un \u00e9xito.<\/p>\n<p class=\"mb-6\">La juramentaci\u00f3n fue realizada por el viceministro de Educaci\u00f3n, en representaci\u00f3n del ministro de esta dependencia de Estado, Daniel Esponda.<\/p>\n<h2><strong>AMBIENTE C\u00cdVICO<\/strong><\/h2>\n<p class=\"mb-6\">Hern\u00e1ndez dijo que \u201cesto es muy importante porque desde el Gobierno central y desde el COCIP se pretende que esta celebraci\u00f3n sea una fiesta\u201d.<\/p>\n<p class=\"mb-6\">\u201cHoy hemos hecho el compromiso todos, bajo la juramentaci\u00f3n, en trabajar para que la celebraci\u00f3n sea lo mejor\u201d, apunt\u00f3.<\/p>\n<p class=\"mb-6\">Asimismo, coment\u00f3 que el rol que tienen los ciudadanos que han sido juramentados es el de planificar, desarrollar, trabajar en funci\u00f3n de que los actos de celebraci\u00f3n de las fiestas patrias, \u201csean en donde demostremos nuestro amor c\u00edvico\u2026\u201d.<\/p>\n<p class=\"mb-6\">\u201c\u2026 pero sobre todo que exaltemos a la Patria y que saquemos con mucho orgullo el pensamiento del General Jos\u00e9 Francisco Moraz\u00e1n Quesada, que es el m\u00e1ximo exponente de la libertad en Centroam\u00e9rica\u201d, expres\u00f3.<\/p>\n<p class=\"mb-6\">A partir de este momento, tambi\u00e9n se inician a organizar los Comit\u00e9s C\u00edvicos Departamentales a nivel nacional.<\/p>\n<p class=\"mb-6\">Adem\u00e1s, se hizo la presentaci\u00f3n oficial de las comisiones del COCIP, mismas que estar\u00e1n integradas por la comisi\u00f3n de eventos, log\u00edstica, protocolo, relaciones p\u00fablicas y seguridad.<\/p>\n<p>Los miembros del COCIP se encargar\u00e1n de planificar las fiestas patrias a nivel nacional.<\/p>\n<p class=\"mb-6\"><strong>DATOS<\/strong><\/p>\n<p class=\"mb-6\">El coordinador de la Unidad del Proyecto C\u00edvico, H\u00e9ctor L\u00f3pez Sabill\u00f3n, dijo que estos actos de celebraci\u00f3n se desarrollar\u00e1n en los 298 municipios de los 18 departamentos del pa\u00eds, organizados por los COCIP departamentales y municipales liderados por la Secretar\u00eda de Educaci\u00f3n.<\/p>\n<p class=\"mb-6\">\u201cLa educaci\u00f3n c\u00edvica en esta gesti\u00f3n de la Presidenta Xiomara Castro y del ministro Esponda, junto a sus viceministros y equipos ha tenido una importancia relevante\u201d, subray\u00f3.<\/p>\n<p class=\"mb-6\">Asegur\u00f3 que el a\u00f1o anterior se tuvieron buenos resultados y que se espera superarlos en este 2024, en cuanto a la vistosidad y organizaci\u00f3n en cada pueblo, comunidad y en Tegucigalpa\u201d.<\/p>\n","protected":false},"excerpt":{"rendered":"<p>Tegucigalpa.Durante una ceremonia solemne, el viceministro de Educaci\u00f3n, Edwin Hern\u00e1ndez, jurament\u00f3 a los miembros del Comit\u00e9 C\u00edvico Interinstitucional Permanente (COCIP). Los integrantes del comit\u00e9 tendr\u00e1n la funci\u00f3n de planificar, organizar y desarrollar las actividades c\u00edvicas en el marco de los festejos de las fiestas patrias 2024. Tras asumir la promesa de Ley, los representantes de &hellip;<\/p>\n","protected":false},"author":0,"featured_media":72398,"comment_status":"open","ping_status":"open","sticky":false,"template":"","format":"standard","meta":{"_jetpack_memberships_contains_paid_content":false,"footnotes":""},"categories":[5],"tags":[],"class_list":["post-72397","post","type-post","status-publish","format-standard","has-post-thumbnail","","category-noticias"],"jetpack_sharing_enabled":true,"jetpack_featured_media_url":"https:\/\/mickyandoniehn.com\/radio\/wp-content\/uploads\/2024\/05\/COMITE-1-JOIFNy.jpeg","_links":{"self":[{"href":"https:\/\/mickyandoniehn.com\/radio\/wp-json\/wp\/v2\/posts\/72397","targetHints":{"allow":["GET"]}}],"collection":[{"href":"https:\/\/mickyandoniehn.com\/radio\/wp-json\/wp\/v2\/posts"}],"about":[{"href":"https:\/\/mickyandoniehn.com\/radio\/wp-json\/wp\/v2\/types\/post"}],"replies":[{"embeddable":true,"href":"https:\/\/mickyandoniehn.com\/radio\/wp-json\/wp\/v2\/comments?post=72397"}],"version-history":[{"count":0,"href":"https:\/\/mickyandoniehn.com\/radio\/wp-json\/wp\/v2\/posts\/72397\/revisions"}],"wp:featuredmedia":[{"embeddable":true,"href":"https:\/\/mickyandoniehn.com\/radio\/wp-json\/wp\/v2\/media\/72398"}],"wp:attachment":[{"href":"https:\/\/mickyandoniehn.com\/radio\/wp-json\/wp\/v2\/media?parent=72397"}],"wp:term":[{"taxonomy":"category","embeddable":true,"href":"https:\/\/mickyandoniehn.com\/radio\/wp-json\/wp\/v2\/categories?post=72397"},{"taxonomy":"post_tag","embeddable":true,"href":"https:\/\/mickyandoniehn.com\/radio\/wp-json\/wp\/v2\/tags?post=72397"}],"curies":[{"name":"wp","href":"https:\/\/api.w.org\/{rel}","templated":true}]}}