{"id":72152,"date":"2024-05-16T10:12:40","date_gmt":"2024-05-16T16:12:40","guid":{"rendered":"http:\/\/mickyandoniehn.com\/radio\/2024\/05\/16\/gobierno-presenta-proyecto-del-ferrocarril-interoceanico-ante-el-caf\/"},"modified":"2024-05-16T10:12:40","modified_gmt":"2024-05-16T16:12:40","slug":"gobierno-presenta-proyecto-del-ferrocarril-interoceanico-ante-el-caf","status":"publish","type":"post","link":"https:\/\/mickyandoniehn.com\/radio\/2024\/05\/16\/gobierno-presenta-proyecto-del-ferrocarril-interoceanico-ante-el-caf\/","title":{"rendered":"Gobierno presenta proyecto del Ferrocarril Interoce\u00e1nico ante el CAF"},"content":{"rendered":"<\/p>\n<p><strong>Tegucigalpa. 16.05.2024<\/strong><\/p>\n<p class=\"mb-6\">El secretario privado de la Presidenta de Honduras, H\u00e9ctor Manuel Zelaya, presidente de la Comisi\u00f3n Nacional del Ferrocarril Interoce\u00e1nico (<em>CONFI<\/em>), dio a conocer a trav\u00e9s de su cuenta en X que han presentado el proyecto al Banco de Desarrollo de Am\u00e9rica Latina y el Caribe (antiguamente conocido como Corporaci\u00f3n Andina de Fomento \u2013 CAF).<\/p>\n<p class=\"mb-6\"><span class=\"css-1jxf684 r-bcqeeo r-1ttztb7 r-qvutc0 r-poiln3\">\u201cDamos un paso significativo hacia la realizaci\u00f3n del Ferrocarril Interoce\u00e1nico de Honduras al presentar nuestro proyecto ante el Banco de Desarrollo de Am\u00e9rica Latina\u201d, escribi\u00f3 Zelaya en X.<\/span><\/p>\n<p class=\"mb-6\"><span class=\"css-1jxf684 r-bcqeeo r-1ttztb7 r-qvutc0 r-poiln3\">\u201cEn cada encuentro, fortalecemos nuestro compromiso y aseguramos apoyo crucial para este proyecto impulsado por la presidenta\u00a0<\/span><span class=\"r-18u37iz\">Xiomara Castro\u201d, agreg\u00f3.<\/span><\/p>\n<p class=\"mb-6\"><span class=\"css-1jxf684 r-bcqeeo r-1ttztb7 r-qvutc0 r-poiln3\">En esesentido, el presidente de la CONFI manifest\u00f3 que el proyecto del Ferrocarril Interoce\u00e1nico promete transformar a Honduras y la regi\u00f3n.<\/span><\/p>\n<div class=\"fs-dynamic\">\n<div>\n<div>\u201cEstamos cada vez m\u00e1s cerca de hacer este sue\u00f1o una realidad. \u00a1Gracias CAF por apoyar el futuro de Honduras!\u201d, coment\u00f3.<\/div>\n<\/div>\n<\/div>\n<h4><em><strong>H\u00c9CTOR MANUEL ZELAYA<\/strong><\/em><\/h4>\n<div class=\"twitter-tweet twitter-tweet-rendered\"><\/div>\n<div>Fuente: latribuna.hn<\/div>\n","protected":false},"excerpt":{"rendered":"<p>Tegucigalpa. 16.05.2024 El secretario privado de la Presidenta de Honduras, H\u00e9ctor Manuel Zelaya, presidente de la Comisi\u00f3n Nacional del Ferrocarril Interoce\u00e1nico (CONFI), dio a conocer a trav\u00e9s de su cuenta en X que han presentado el proyecto al Banco de Desarrollo de Am\u00e9rica Latina y el Caribe (antiguamente conocido como Corporaci\u00f3n Andina de Fomento \u2013 &hellip;<\/p>\n","protected":false},"author":0,"featured_media":72153,"comment_status":"open","ping_status":"open","sticky":false,"template":"","format":"standard","meta":{"_jetpack_memberships_contains_paid_content":false,"footnotes":""},"categories":[5],"tags":[],"class_list":["post-72152","post","type-post","status-publish","format-standard","has-post-thumbnail","","category-noticias"],"jetpack_sharing_enabled":true,"jetpack_featured_media_url":"https:\/\/mickyandoniehn.com\/radio\/wp-content\/uploads\/2024\/05\/Comision-Nacional-del-Ferrocarril-Interoceanico-CAF-vS8CVa.jpeg","_links":{"self":[{"href":"https:\/\/mickyandoniehn.com\/radio\/wp-json\/wp\/v2\/posts\/72152","targetHints":{"allow":["GET"]}}],"collection":[{"href":"https:\/\/mickyandoniehn.com\/radio\/wp-json\/wp\/v2\/posts"}],"about":[{"href":"https:\/\/mickyandoniehn.com\/radio\/wp-json\/wp\/v2\/types\/post"}],"replies":[{"embeddable":true,"href":"https:\/\/mickyandoniehn.com\/radio\/wp-json\/wp\/v2\/comments?post=72152"}],"version-history":[{"count":0,"href":"https:\/\/mickyandoniehn.com\/radio\/wp-json\/wp\/v2\/posts\/72152\/revisions"}],"wp:featuredmedia":[{"embeddable":true,"href":"https:\/\/mickyandoniehn.com\/radio\/wp-json\/wp\/v2\/media\/72153"}],"wp:attachment":[{"href":"https:\/\/mickyandoniehn.com\/radio\/wp-json\/wp\/v2\/media?parent=72152"}],"wp:term":[{"taxonomy":"category","embeddable":true,"href":"https:\/\/mickyandoniehn.com\/radio\/wp-json\/wp\/v2\/categories?post=72152"},{"taxonomy":"post_tag","embeddable":true,"href":"https:\/\/mickyandoniehn.com\/radio\/wp-json\/wp\/v2\/tags?post=72152"}],"curies":[{"name":"wp","href":"https:\/\/api.w.org\/{rel}","templated":true}]}}