{"id":72120,"date":"2024-05-15T15:12:39","date_gmt":"2024-05-15T21:12:39","guid":{"rendered":"http:\/\/mickyandoniehn.com\/radio\/2024\/05\/15\/hace-tiempo-que-sabemos-que-llevamos-adn-neandertal-ahora-nos-estamos-dando-cuenta-de-sus-implicaciones\/"},"modified":"2024-05-15T15:12:39","modified_gmt":"2024-05-15T21:12:39","slug":"hace-tiempo-que-sabemos-que-llevamos-adn-neandertal-ahora-nos-estamos-dando-cuenta-de-sus-implicaciones","status":"publish","type":"post","link":"https:\/\/mickyandoniehn.com\/radio\/2024\/05\/15\/hace-tiempo-que-sabemos-que-llevamos-adn-neandertal-ahora-nos-estamos-dando-cuenta-de-sus-implicaciones\/","title":{"rendered":"Hace tiempo que sabemos que llevamos ADN neandertal. Ahora nos estamos dando cuenta de sus implicaciones"},"content":{"rendered":"<\/p>\n<p>Que los humanos (y especialmente los europeos) llevamos en nuestros genes una buena cantidad de informaci\u00f3n legada por nuestros antepasados\u00a0<strong>neandertales\u00a0<\/strong>no es ya ning\u00fan misterio. Sin embargo, poco a poco vamos descubriendo qu\u00e9 funciones cumplen estos genes en nuestro organismo.<\/p>\n<p>Dos nuevos estudios han indagado en el legado que los\u00a0<a href=\"https:\/\/www.xataka.com\/investigacion\/neandertales-tambien-tuvieron-que-enfrentarse-a-enemigo-interno-sus-propios-cromosomas\">genes neandertales<\/a>\u00a0han dejado en los humanos modernos. El primero se centraba en la fisionom\u00eda de la nariz y conclu\u00eda que el tama\u00f1o de este rasgo facial pod\u00eda estar relacionado con estos genes en determinadas poblaciones. El segundo observ\u00f3 que esta herencia gen\u00e9tica tambi\u00e9n estaba relacionada con un aspecto fundamental de nuestra salud: nuestro sistema inmunitario.<\/p>\n<p>El\u00a0<a href=\"https:\/\/www.europapress.es\/ciencia\/ruinas-y-fosiles\/noticia-efectos-persistentes-adn-neandertal-humanos-modernos-20230608104926.html\">m\u00e1s reciente<\/a>, fue llevado a cabo por un equipo liderado por investigadores de la Universidad Cornell. Los autores del trabajo no solo destacaron el hecho de que los genes neandertales jueguen un\u00a0<strong>papel importante<\/strong> en nuestro sistema inmune sino tambi\u00e9n en que, seg\u00fan observaron, los genes m\u00e1s modernos est\u00e1n desplaz\u00e1ndolos poco a poco.<\/p>\n<p>Los cient\u00edficos basaron su trabajo en datos gen\u00e9ticos del Biobanco del Reino Unido, del que obtuvieron informaci\u00f3n gen\u00e9tica de\u00a0<a href=\"https:\/\/www.technologynetworks.com\/genomics\/news\/neanderthal-dna-has-lingering-effects-in-modern-humans-374462\">cerca de 300.000 personas<\/a>. Gracias a ello identificaron m\u00e1s de 235.000 variantes gen\u00e9ticas de posible origen neandertal, de las cuales m\u00e1s de 4.300 estar\u00edan vinculadas con una serie de 47 caracter\u00edsticas humanas como nuestro metabolismo, desarrollo y sistema inmune.<\/p>\n<p>Los\u00a0<a href=\"https:\/\/elifesciences.org\/articles\/80757\">detalles del estudio<\/a>\u00a0fueron publicados en la revista\u00a0<em>eLife,\u00a0<\/em>pero los autores tambi\u00e9n pusieron a disposici\u00f3n del p\u00fablico el software empleado en el trabajo, tal y como\u00a0<a href=\"https:\/\/news.cornell.edu\/stories\/2023\/06\/lingering-effects-neanderthal-dna-found-modern-humans\">se\u00f1alaba Xinzhu Wei<\/a>, coautora del estudio.<\/p>\n<h2>Un gen en concreto<\/h2>\n<p>El estudio restante, liderado en esta ocasi\u00f3n por investigadores de la University College London (UCL) y est\u00e1 centrado en un aspecto concreto de la gen\u00e9tica heredada de los neandertales: la forma de nuestras narices. En esta ocasi\u00f3n, los investigadores encontraron\u00a0<a href=\"https:\/\/www.sciencealert.com\/your-big-nose-might-be-the-result-of-an-ancient-affair-with-a-neanderthal\">26 regiones en el c\u00f3digo gen\u00e9tico<\/a>\u00a0humano relacionadas con rasgos faciales. Los detalles de\u00a0<a href=\"https:\/\/www.nature.com\/articles\/s42003-023-04838-7\">este estudio<\/a>\u00a0fueron publicados en la revista\u00a0<em>Communications Biology<\/em>.<\/p>\n<p>Uno de los genes heredados de los neandertales es\u00a0<strong>el llamado ATF3<\/strong>. Hasta ahora vincul\u00e1bamos este gen con la regeneraci\u00f3n de los tejidos nerviosos. Sin embargo, la expresi\u00f3n de este gen est\u00e1 regulada por otro vinculado a su vez con el\u00a0<a href=\"https:\/\/www.livescience.com\/archaeology\/neanderthals-passed-down-their-tall-noses-to-modern-humans-genetic-analysis-finds\">desarrollo de los rasgos faciales<\/a>.<\/p>\n<p>Observaron que esta herencia neandertal no estaba extendida de igual manera en todos los humanos modernos, sino que era m\u00e1s presente entre nativos americanos. Esto hace pensar a los investigadores que esta caracter\u00edstica podr\u00eda haberse mantenido en Am\u00e9rica por motivos adaptativos. Al fin y al cabo, las trazas gen\u00e9ticas neandertales son m\u00e1s frecuentes en los humanos originarios de Europa, Asia y las Am\u00e9ricas.<\/p>\n<p>Los avances en\u00a0<strong>paleogen\u00e9tica<\/strong>, el estudio de la gen\u00e9tica de nuestros ancestros, tienen aplicaciones a la hora de comprender nuestro cuerpo y nuestra salud. La herencia neandertal no s\u00f3lo juega un papel en nuestra fisionom\u00eda facial, sistema inmune y nuestro metabolismo,\u00a0<a href=\"https:\/\/www.sciencealert.com\/there-s-something-curious-about-human-pregnancy-and-we-might-have-neanderthals-to-thank\">incluso afecta a nuestros partos<\/a>.<\/p>\n<p>\u201cNuestros descubrimientos tambi\u00e9n pueden ofrecer nuevos puntos de vista para los bi\u00f3logos de la evoluci\u00f3n que busquen c\u00f3mo este tipo de eventos pueden tener consecuencias tanto beneficiosas como perjudiciales\u201d, se\u00f1alaba Sriram Sankararaman, uno de los firmantes del trabajo de Cornell.<\/p>\n<p>Dependiendo de nuestro origen, la herencia de los neandertales en nuestro genoma puede oscilar\u00a0<strong>entre un 1 y un 4%<\/strong>. La importancia por tanto de comprender la herencia gen\u00e9tica legada por nuestros primos humanos m\u00e1s cercanos es clave para entender nuestro propio cuerpo. De paso podemos agradecer a estos antepasados muchos de los rasgos que nos hacen humanos y nos han permitido llegar a nuestros d\u00edas.<\/p>\n","protected":false},"excerpt":{"rendered":"<p>Que los humanos (y especialmente los europeos) llevamos en nuestros genes una buena cantidad de informaci\u00f3n legada por nuestros antepasados\u00a0neandertales\u00a0no es ya ning\u00fan misterio. Sin embargo, poco a poco vamos descubriendo qu\u00e9 funciones cumplen estos genes en nuestro organismo. Dos nuevos estudios han indagado en el legado que los\u00a0genes neandertales\u00a0han dejado en los humanos modernos. &hellip;<\/p>\n","protected":false},"author":0,"featured_media":72121,"comment_status":"open","ping_status":"open","sticky":false,"template":"","format":"standard","meta":{"_jetpack_memberships_contains_paid_content":false,"footnotes":""},"categories":[5],"tags":[],"class_list":["post-72120","post","type-post","status-publish","format-standard","has-post-thumbnail","","category-noticias"],"jetpack_sharing_enabled":true,"jetpack_featured_media_url":"https:\/\/mickyandoniehn.com\/radio\/wp-content\/uploads\/2024\/05\/450_1000-1MJRBH.jpeg","_links":{"self":[{"href":"https:\/\/mickyandoniehn.com\/radio\/wp-json\/wp\/v2\/posts\/72120","targetHints":{"allow":["GET"]}}],"collection":[{"href":"https:\/\/mickyandoniehn.com\/radio\/wp-json\/wp\/v2\/posts"}],"about":[{"href":"https:\/\/mickyandoniehn.com\/radio\/wp-json\/wp\/v2\/types\/post"}],"replies":[{"embeddable":true,"href":"https:\/\/mickyandoniehn.com\/radio\/wp-json\/wp\/v2\/comments?post=72120"}],"version-history":[{"count":0,"href":"https:\/\/mickyandoniehn.com\/radio\/wp-json\/wp\/v2\/posts\/72120\/revisions"}],"wp:featuredmedia":[{"embeddable":true,"href":"https:\/\/mickyandoniehn.com\/radio\/wp-json\/wp\/v2\/media\/72121"}],"wp:attachment":[{"href":"https:\/\/mickyandoniehn.com\/radio\/wp-json\/wp\/v2\/media?parent=72120"}],"wp:term":[{"taxonomy":"category","embeddable":true,"href":"https:\/\/mickyandoniehn.com\/radio\/wp-json\/wp\/v2\/categories?post=72120"},{"taxonomy":"post_tag","embeddable":true,"href":"https:\/\/mickyandoniehn.com\/radio\/wp-json\/wp\/v2\/tags?post=72120"}],"curies":[{"name":"wp","href":"https:\/\/api.w.org\/{rel}","templated":true}]}}