{"id":72116,"date":"2024-05-15T13:12:42","date_gmt":"2024-05-15T19:12:42","guid":{"rendered":"http:\/\/mickyandoniehn.com\/radio\/2024\/05\/15\/forbes-destaco-que-honduras-busca-llevar-cafe-a-madrid-con-denominacion-de-origen\/"},"modified":"2024-05-15T13:12:42","modified_gmt":"2024-05-15T19:12:42","slug":"forbes-destaco-que-honduras-busca-llevar-cafe-a-madrid-con-denominacion-de-origen","status":"publish","type":"post","link":"https:\/\/mickyandoniehn.com\/radio\/2024\/05\/15\/forbes-destaco-que-honduras-busca-llevar-cafe-a-madrid-con-denominacion-de-origen\/","title":{"rendered":"Forbes destac\u00f3 que Honduras busca llevar caf\u00e9 a Madrid con denominaci\u00f3n de origen"},"content":{"rendered":"<\/p>\n<h2>15.05.2024<\/h2>\n<p>De acuerdo con la nota Forbes \u00abHonduras lleva su caf\u00e9 a Madrid y espera que llegue a Europa con denominaci\u00f3n de origen\u00bb la embajada de Honduras en Espa\u00f1a junto a la Fundaci\u00f3n espa\u00f1ola ANA-A, organizaron una<strong>\u00a0degustaci\u00f3n del caf\u00e9 catracho en Madrid.<\/strong><\/p>\n<p>Adem\u00e1s, el embajador hondure\u00f1o en Espa\u00f1a, Marlon Brev\u00e9, presente en la cata, explic\u00f3 en declaraciones a EFE que la intenci\u00f3n es que se mantenga en Europa la\u00a0<strong>marca Honduras.<\/strong>\u00a0\u00a1Qu\u00e9 bien!<\/p>\n<p>La revista destaca que existe una iniciativa, junto a inversionistas espa\u00f1oles, de establecer una red de caf\u00e9s y\u00a0<strong>restaurantes donde se consuma caf\u00e9 hondure\u00f1o.<\/strong>\u00a0Esto ayudar\u00eda a seguir posicionando la marca Honduras ante el pa\u00eds europeo.<\/p>\n<p>Si quieres leer la nota completa puedes hacerlo a trav\u00e9s del siguiente\u00a0<a href=\"https:\/\/forbescentroamerica.com\/2024\/03\/14\/honduras-lleva-su-cafe-a-madrid-y-espera-que-llegue-a-europa-con-denominacion-de-origen\">enlace<\/a>.<\/p>\n<p>Fuente: honduras.com<\/p>\n","protected":false},"excerpt":{"rendered":"<p>15.05.2024 De acuerdo con la nota Forbes \u00abHonduras lleva su caf\u00e9 a Madrid y espera que llegue a Europa con denominaci\u00f3n de origen\u00bb la embajada de Honduras en Espa\u00f1a junto a la Fundaci\u00f3n espa\u00f1ola ANA-A, organizaron una\u00a0degustaci\u00f3n del caf\u00e9 catracho en Madrid. Adem\u00e1s, el embajador hondure\u00f1o en Espa\u00f1a, Marlon Brev\u00e9, presente en la cata, explic\u00f3 &hellip;<\/p>\n","protected":false},"author":0,"featured_media":72117,"comment_status":"open","ping_status":"open","sticky":false,"template":"","format":"standard","meta":{"_jetpack_memberships_contains_paid_content":false,"footnotes":""},"categories":[5],"tags":[],"class_list":["post-72116","post","type-post","status-publish","format-standard","has-post-thumbnail","","category-noticias"],"jetpack_sharing_enabled":true,"jetpack_featured_media_url":"https:\/\/mickyandoniehn.com\/radio\/wp-content\/uploads\/2024\/05\/cafe-2-iDw4gT.jpeg","_links":{"self":[{"href":"https:\/\/mickyandoniehn.com\/radio\/wp-json\/wp\/v2\/posts\/72116","targetHints":{"allow":["GET"]}}],"collection":[{"href":"https:\/\/mickyandoniehn.com\/radio\/wp-json\/wp\/v2\/posts"}],"about":[{"href":"https:\/\/mickyandoniehn.com\/radio\/wp-json\/wp\/v2\/types\/post"}],"replies":[{"embeddable":true,"href":"https:\/\/mickyandoniehn.com\/radio\/wp-json\/wp\/v2\/comments?post=72116"}],"version-history":[{"count":0,"href":"https:\/\/mickyandoniehn.com\/radio\/wp-json\/wp\/v2\/posts\/72116\/revisions"}],"wp:featuredmedia":[{"embeddable":true,"href":"https:\/\/mickyandoniehn.com\/radio\/wp-json\/wp\/v2\/media\/72117"}],"wp:attachment":[{"href":"https:\/\/mickyandoniehn.com\/radio\/wp-json\/wp\/v2\/media?parent=72116"}],"wp:term":[{"taxonomy":"category","embeddable":true,"href":"https:\/\/mickyandoniehn.com\/radio\/wp-json\/wp\/v2\/categories?post=72116"},{"taxonomy":"post_tag","embeddable":true,"href":"https:\/\/mickyandoniehn.com\/radio\/wp-json\/wp\/v2\/tags?post=72116"}],"curies":[{"name":"wp","href":"https:\/\/api.w.org\/{rel}","templated":true}]}}