{"id":72112,"date":"2024-05-15T11:12:44","date_gmt":"2024-05-15T17:12:44","guid":{"rendered":"https:\/\/mickyandoniehn.com\/radio\/2024\/05\/15\/copeco-pronostica-la-formacion-de-una-depresion-tropical-en-los-proximos-dias\/"},"modified":"2024-05-15T11:12:44","modified_gmt":"2024-05-15T17:12:44","slug":"copeco-pronostica-la-formacion-de-una-depresion-tropical-en-los-proximos-dias","status":"publish","type":"post","link":"https:\/\/mickyandoniehn.com\/radio\/2024\/05\/15\/copeco-pronostica-la-formacion-de-una-depresion-tropical-en-los-proximos-dias\/","title":{"rendered":"Copeco pronostica la formaci\u00f3n de una depresi\u00f3n tropical en los pr\u00f3ximos d\u00edas"},"content":{"rendered":"<\/p>\n<p><strong>Tegucigalpa. 15.05.2024<\/strong><\/p>\n<p class=\"mb-6\">La Secretar\u00eda de Gesti\u00f3n de Riesgos y Contingencias Nacionales (Copeco), pronostica que ante el inicio de la temporada cicl\u00f3nica existe una leve posibilidad de una depresi\u00f3n tropical en los pr\u00f3ximos cinco d\u00edas que estar\u00e1 dejando lluvias en el territorio hondure\u00f1o.<\/p>\n<p class=\"mb-6\">Hoy mi\u00e9rcoles 15 de mayo, inicia la temporada cicl\u00f3nica en el Pac\u00edfico Oriental, Cerca de las Costas de Am\u00e9rica Central y M\u00e9xico y que termina el 30 de noviembre.<\/p>\n<p class=\"mb-6\">Seg\u00fan CENAOS, la temporada cicl\u00f3nica est\u00e1 condicionada a la ocurrencia o no del fen\u00f3meno de El Ni\u00f1o, Cuando hay Ni\u00f1o se forman m\u00e1s ciclones tropicales en esta regi\u00f3n y cuando hay Ni\u00f1a se forman menos, sin embargo, se pronostica que este a\u00f1o el Ni\u00f1o terminar\u00eda a mediados de este mes, siguiendo una fase Neutra que durar\u00eda unos 3 meses y despu\u00e9s se pasar\u00eda a Condiciones de La Ni\u00f1a.<\/p>\n<p class=\"mb-6\">Por lo que este a\u00f1o se pronostica una temporada cicl\u00f3nica parecida al promedio en n\u00famero de tormentas tropicales, pero ligeramente por debajo del promedio para los huracanes y de acuerdo al pron\u00f3stico del modelo del Centro Europeo este a\u00f1o se estarian formando 15 tormentas tropicales de las que, 6 se podrian convertir en huracanes, con los siguientes nombres:<\/p>\n<p class=\"mb-6\">1. Aletta<\/p>\n<p class=\"mb-6\">2. Bud<\/p>\n<p class=\"mb-6\">3. Carlotta<\/p>\n<p class=\"mb-6\">4. Daniel<\/p>\n<p class=\"mb-6\">5. Emilia<\/p>\n<p class=\"mb-6\">6. Fabio<\/p>\n<p class=\"mb-6\">7. Gilma<\/p>\n<p class=\"mb-6\">8. H\u00e9ctor<\/p>\n<p class=\"mb-6\">9. Ileana<\/p>\n<p class=\"mb-6\">10. John<\/p>\n<p class=\"mb-6\">11. Kristy<\/p>\n<p class=\"mb-6\">12. Lane<\/p>\n<p class=\"mb-6\">13. Miriam<\/p>\n<p class=\"mb-6\">14. Norman y<\/p>\n<p class=\"mb-6\">15. Olivia<\/p>\n<p class=\"mb-6\">Para las pr\u00f3ximas 48 horas la probabilidad es cero para la formaci\u00f3n de cicl\u00f3n Tropical en el oc\u00e9ano Pac\u00edfico Oriental Norte y despu\u00e9s para los siguientes 5 dias existe una leve probabilidad (30%) de formaci\u00f3n de una Depresi\u00f3n Tropical.<\/p>\n<h4><em><strong>Secretar\u00eda de Gesti\u00f3n de Riesgos y Contingencias<\/strong><\/em><\/h4>\n<div class=\"twitter-tweet twitter-tweet-rendered\"><\/div>\n<div>Fuente: latribuna.hn<\/div>\n","protected":false},"excerpt":{"rendered":"<p>Tegucigalpa. 15.05.2024 La Secretar\u00eda de Gesti\u00f3n de Riesgos y Contingencias Nacionales (Copeco), pronostica que ante el inicio de la temporada cicl\u00f3nica existe una leve posibilidad de una depresi\u00f3n tropical en los pr\u00f3ximos cinco d\u00edas que estar\u00e1 dejando lluvias en el territorio hondure\u00f1o. Hoy mi\u00e9rcoles 15 de mayo, inicia la temporada cicl\u00f3nica en el Pac\u00edfico Oriental, &hellip;<\/p>\n","protected":false},"author":0,"featured_media":72113,"comment_status":"open","ping_status":"open","sticky":false,"template":"","format":"standard","meta":{"_jetpack_memberships_contains_paid_content":false,"footnotes":""},"categories":[5],"tags":[],"class_list":["post-72112","post","type-post","status-publish","format-standard","has-post-thumbnail","","category-noticias"],"jetpack_sharing_enabled":true,"jetpack_featured_media_url":"https:\/\/mickyandoniehn.com\/radio\/wp-content\/uploads\/2024\/05\/Lluvias-en-Honduras-1-tvuGZd.jpeg","_links":{"self":[{"href":"https:\/\/mickyandoniehn.com\/radio\/wp-json\/wp\/v2\/posts\/72112","targetHints":{"allow":["GET"]}}],"collection":[{"href":"https:\/\/mickyandoniehn.com\/radio\/wp-json\/wp\/v2\/posts"}],"about":[{"href":"https:\/\/mickyandoniehn.com\/radio\/wp-json\/wp\/v2\/types\/post"}],"replies":[{"embeddable":true,"href":"https:\/\/mickyandoniehn.com\/radio\/wp-json\/wp\/v2\/comments?post=72112"}],"version-history":[{"count":0,"href":"https:\/\/mickyandoniehn.com\/radio\/wp-json\/wp\/v2\/posts\/72112\/revisions"}],"wp:featuredmedia":[{"embeddable":true,"href":"https:\/\/mickyandoniehn.com\/radio\/wp-json\/wp\/v2\/media\/72113"}],"wp:attachment":[{"href":"https:\/\/mickyandoniehn.com\/radio\/wp-json\/wp\/v2\/media?parent=72112"}],"wp:term":[{"taxonomy":"category","embeddable":true,"href":"https:\/\/mickyandoniehn.com\/radio\/wp-json\/wp\/v2\/categories?post=72112"},{"taxonomy":"post_tag","embeddable":true,"href":"https:\/\/mickyandoniehn.com\/radio\/wp-json\/wp\/v2\/tags?post=72112"}],"curies":[{"name":"wp","href":"https:\/\/api.w.org\/{rel}","templated":true}]}}