{"id":72110,"date":"2024-05-15T11:12:43","date_gmt":"2024-05-15T17:12:43","guid":{"rendered":"https:\/\/mickyandoniehn.com\/radio\/2024\/05\/15\/cierre-temporal-de-aeropuertos-sps-y-roatan-debido-a-densa-capa-de-humo\/"},"modified":"2024-05-15T11:12:43","modified_gmt":"2024-05-15T17:12:43","slug":"cierre-temporal-de-aeropuertos-sps-y-roatan-debido-a-densa-capa-de-humo","status":"publish","type":"post","link":"https:\/\/mickyandoniehn.com\/radio\/2024\/05\/15\/cierre-temporal-de-aeropuertos-sps-y-roatan-debido-a-densa-capa-de-humo\/","title":{"rendered":"Cierre temporal de aeropuertos SPS y Roat\u00e1n debido a densa capa de humo"},"content":{"rendered":"<\/p>\n<p><strong>Islas de la Bah\u00eda. 15.05.2024<\/strong><\/p>\n<p class=\"mb-6\">Los aeropuertos Ram\u00f3n Villeda Morales en La Lima y Juan Manuel G\u00e1lvez en Roat\u00e1n, Islas de la Bah\u00eda, han sido cerrados temporalmente debido a una densa capa de humo que afecta el territorio hondure\u00f1o.<\/p>\n<p class=\"mb-6\">La medida fue tomada por las autoridades para prevenir accidentes a\u00e9reos debido a la reducida visibilidad.<\/p>\n<p class=\"mb-6\">La presencia de humo ha provocado condiciones de visibilidad muy pobres, lo que representa un riesgo para la seguridad de las operaciones a\u00e9reas. Por lo tanto, se ha decidido mantener las pistas de ambos aeropuertos inoperativas hasta nuevo aviso.<\/p>\n<p class=\"mb-6\">Hasta el momento, no se ha proporcionado informaci\u00f3n sobre la duraci\u00f3n exacta del cierre de los aeropuertos. Las autoridades contin\u00faan monitoreando la situaci\u00f3n y evaluar\u00e1n la viabilidad de reanudar las operaciones una vez que las condiciones mejoren.<\/p>\n<p class=\"mb-6\">Ante esta situaci\u00f3n, las autoridades han emitido alertas en todo el pa\u00eds como medida de precauci\u00f3n. Se insta a la poblaci\u00f3n a estar atenta a las actualizaciones y seguir las recomendaciones de las autoridades locales.<\/p>\n<p class=\"mb-6\">\n<p>Fuente: latribuna.hn<\/p>\n","protected":false},"excerpt":{"rendered":"<p>Islas de la Bah\u00eda. 15.05.2024 Los aeropuertos Ram\u00f3n Villeda Morales en La Lima y Juan Manuel G\u00e1lvez en Roat\u00e1n, Islas de la Bah\u00eda, han sido cerrados temporalmente debido a una densa capa de humo que afecta el territorio hondure\u00f1o. La medida fue tomada por las autoridades para prevenir accidentes a\u00e9reos debido a la reducida visibilidad. &hellip;<\/p>\n","protected":false},"author":0,"featured_media":72111,"comment_status":"open","ping_status":"open","sticky":false,"template":"","format":"standard","meta":{"_jetpack_memberships_contains_paid_content":false,"footnotes":""},"categories":[5],"tags":[],"class_list":["post-72110","post","type-post","status-publish","format-standard","has-post-thumbnail","","category-noticias"],"jetpack_sharing_enabled":true,"jetpack_featured_media_url":"https:\/\/mickyandoniehn.com\/radio\/wp-content\/uploads\/2024\/05\/Cierre-temporal-de-aeropuertos-SPS-y-Roatan-debido-a-densa-capa-de-humo-MxFY3x.jpeg","_links":{"self":[{"href":"https:\/\/mickyandoniehn.com\/radio\/wp-json\/wp\/v2\/posts\/72110","targetHints":{"allow":["GET"]}}],"collection":[{"href":"https:\/\/mickyandoniehn.com\/radio\/wp-json\/wp\/v2\/posts"}],"about":[{"href":"https:\/\/mickyandoniehn.com\/radio\/wp-json\/wp\/v2\/types\/post"}],"replies":[{"embeddable":true,"href":"https:\/\/mickyandoniehn.com\/radio\/wp-json\/wp\/v2\/comments?post=72110"}],"version-history":[{"count":0,"href":"https:\/\/mickyandoniehn.com\/radio\/wp-json\/wp\/v2\/posts\/72110\/revisions"}],"wp:featuredmedia":[{"embeddable":true,"href":"https:\/\/mickyandoniehn.com\/radio\/wp-json\/wp\/v2\/media\/72111"}],"wp:attachment":[{"href":"https:\/\/mickyandoniehn.com\/radio\/wp-json\/wp\/v2\/media?parent=72110"}],"wp:term":[{"taxonomy":"category","embeddable":true,"href":"https:\/\/mickyandoniehn.com\/radio\/wp-json\/wp\/v2\/categories?post=72110"},{"taxonomy":"post_tag","embeddable":true,"href":"https:\/\/mickyandoniehn.com\/radio\/wp-json\/wp\/v2\/tags?post=72110"}],"curies":[{"name":"wp","href":"https:\/\/api.w.org\/{rel}","templated":true}]}}