{"id":72104,"date":"2024-05-15T07:12:35","date_gmt":"2024-05-15T13:12:35","guid":{"rendered":"http:\/\/mickyandoniehn.com\/radio\/2024\/05\/15\/honduras-en-la-historia-15-de-mayo-1526-se-fundo-la-villa-de-la-frontera-de-caceres\/"},"modified":"2024-05-15T07:12:35","modified_gmt":"2024-05-15T13:12:35","slug":"honduras-en-la-historia-15-de-mayo-1526-se-fundo-la-villa-de-la-frontera-de-caceres","status":"publish","type":"post","link":"https:\/\/mickyandoniehn.com\/radio\/2024\/05\/15\/honduras-en-la-historia-15-de-mayo-1526-se-fundo-la-villa-de-la-frontera-de-caceres\/","title":{"rendered":"Honduras en la Historia: 15 de Mayo 1526, Se fund\u00f3 la Villa de la Frontera de C\u00e1ceres"},"content":{"rendered":"<\/p>\n<div class=\"xdj266r x11i5rnm xat24cr x1mh8g0r x1vvkbs x126k92a\">\n<div>Honduras en la historia, 15 de Mayo 1526<\/div>\n<div>Se fund\u00f3 la Villa de la Frontera de C\u00e1ceres<\/div>\n<\/div>\n<div class=\"x11i5rnm xat24cr x1mh8g0r x1vvkbs xtlvy1s x126k92a\">\n<div>Bartolom\u00e9 de Celada en su real nombre y por virtud del poder que ten\u00eda hab\u00eda observado en muchas partes lugares para sentar sus comarcas y fundar un pueblo de espa\u00f1oles y en todo lo que hab\u00eda visto no hab\u00eda hallado otro mejor sitio un lugar vistoso apto para todo g\u00e9nero de ganado, tierra y \u00e1rboles, este ser\u00eda un pueblo de espa\u00f1oles.<\/div>\n<\/div>\n<div class=\"x11i5rnm xat24cr x1mh8g0r x1vvkbs xtlvy1s x126k92a\">\n<div>Por tanto que en dicho nombre de su majestad y de dicho gobernador y por virtud del poder que se le concede ante todos tomo posesi\u00f3n de tal asiento para luego formar un pueblo de espa\u00f1oles el que llevo por nombre la Villa de la Frontera de C\u00e1ceres.<\/div>\n<\/div>\n<div class=\"x11i5rnm xat24cr x1mh8g0r x1vvkbs xtlvy1s x126k92a\">\n<div>Algunos testigos presentes fueron: Antonio de Figueroa, Rodrigo de Vargas, Juan de la Cueva y Alonzo Ortiz.<\/div>\n<\/div>\n<div class=\"x11i5rnm xat24cr x1mh8g0r x1vvkbs xtlvy1s x126k92a\">\n<div>VILLA DE LA FRONTERA DE C\u00c1CERES: Fundada en Escamilpa (cerca de Catacamas) en Olancho, el 12 de mayo de 1526, por Bartolom\u00e9 de Celada.<\/div>\n<\/div>\n","protected":false},"excerpt":{"rendered":"<p>Honduras en la historia, 15 de Mayo 1526 Se fund\u00f3 la Villa de la Frontera de C\u00e1ceres Bartolom\u00e9 de Celada en su real nombre y por virtud del poder que ten\u00eda hab\u00eda observado en muchas partes lugares para sentar sus comarcas y fundar un pueblo de espa\u00f1oles y en todo lo que hab\u00eda visto no &hellip;<\/p>\n","protected":false},"author":0,"featured_media":72105,"comment_status":"open","ping_status":"open","sticky":false,"template":"","format":"standard","meta":{"_jetpack_memberships_contains_paid_content":false,"footnotes":""},"categories":[5],"tags":[],"class_list":["post-72104","post","type-post","status-publish","format-standard","has-post-thumbnail","","category-noticias"],"jetpack_sharing_enabled":true,"jetpack_featured_media_url":"https:\/\/mickyandoniehn.com\/radio\/wp-content\/uploads\/2024\/05\/15.1-QjJJD5.jpeg","_links":{"self":[{"href":"https:\/\/mickyandoniehn.com\/radio\/wp-json\/wp\/v2\/posts\/72104","targetHints":{"allow":["GET"]}}],"collection":[{"href":"https:\/\/mickyandoniehn.com\/radio\/wp-json\/wp\/v2\/posts"}],"about":[{"href":"https:\/\/mickyandoniehn.com\/radio\/wp-json\/wp\/v2\/types\/post"}],"replies":[{"embeddable":true,"href":"https:\/\/mickyandoniehn.com\/radio\/wp-json\/wp\/v2\/comments?post=72104"}],"version-history":[{"count":0,"href":"https:\/\/mickyandoniehn.com\/radio\/wp-json\/wp\/v2\/posts\/72104\/revisions"}],"wp:featuredmedia":[{"embeddable":true,"href":"https:\/\/mickyandoniehn.com\/radio\/wp-json\/wp\/v2\/media\/72105"}],"wp:attachment":[{"href":"https:\/\/mickyandoniehn.com\/radio\/wp-json\/wp\/v2\/media?parent=72104"}],"wp:term":[{"taxonomy":"category","embeddable":true,"href":"https:\/\/mickyandoniehn.com\/radio\/wp-json\/wp\/v2\/categories?post=72104"},{"taxonomy":"post_tag","embeddable":true,"href":"https:\/\/mickyandoniehn.com\/radio\/wp-json\/wp\/v2\/tags?post=72104"}],"curies":[{"name":"wp","href":"https:\/\/api.w.org\/{rel}","templated":true}]}}