{"id":72009,"date":"2024-05-13T17:12:32","date_gmt":"2024-05-13T23:12:32","guid":{"rendered":"http:\/\/mickyandoniehn.com\/radio\/2024\/05\/13\/comienza-la-gran-jornada-nacional-de-vacunacion-y-desparasitacion-en-honduras\/"},"modified":"2024-05-13T17:12:32","modified_gmt":"2024-05-13T23:12:32","slug":"comienza-la-gran-jornada-nacional-de-vacunacion-y-desparasitacion-en-honduras","status":"publish","type":"post","link":"https:\/\/mickyandoniehn.com\/radio\/2024\/05\/13\/comienza-la-gran-jornada-nacional-de-vacunacion-y-desparasitacion-en-honduras\/","title":{"rendered":"Comienza la Gran Jornada Nacional de Vacunaci\u00f3n y Desparasitaci\u00f3n en Honduras"},"content":{"rendered":"<\/p>\n<p><strong>Tegucigalpa. 13.05.2024<\/strong><\/p>\n<p>La ministra de Salud, Carla Paredes, anunci\u00f3 en cadena nacional el inicio de la Gran Jornada Nacional de Vacunaci\u00f3n y Desparasitaci\u00f3n, una campa\u00f1a crucial para proteger la salud p\u00fablica en todo el pa\u00eds.<\/p>\n<p>Durante su intervenci\u00f3n, la ministra destac\u00f3 la importancia vital de las vacunas en la prevenci\u00f3n de enfermedades graves y resalt\u00f3 los logros de Honduras en la erradicaci\u00f3n de enfermedades como la poliomielitis, el sarampi\u00f3n, la rub\u00e9ola y el s\u00edndrome de rub\u00e9ola cong\u00e9nita durante m\u00e1s de dos d\u00e9cadas.<\/p>\n<p>A pesar de estos \u00e9xitos, Paredes se\u00f1al\u00f3 que el Programa Ampliado de Inmunizaciones ha experimentado debilitamientos desde 2017, lo que ha resultado en una disminuci\u00f3n constante de la cobertura de vacunaci\u00f3n. Sin embargo, asegur\u00f3 que se han garantizado todas las vacunas necesarias, reflejando el compromiso del pa\u00eds de aumentar la cobertura de vacunaci\u00f3n y fortalecer las cadenas de suministro.<\/p>\n<p>La ministra dio inicio oficial a la jornada, destacando su impacto en el presente y futuro de Honduras, y agradeci\u00f3 al personal de salud por su labor esencial. Hizo un llamado a la participaci\u00f3n activa de padres, cuidadores y la comunidad en general para aumentar las coberturas de vacunaci\u00f3n y desmitificar las creencias err\u00f3neas.<\/p>\n<p>Asimismo, inst\u00f3 a todos los sectores de la sociedad a unirse a esta causa, incluidos l\u00edderes comunitarios, autoridades locales, iglesias, medios de comunicaci\u00f3n y el sector privado. Para transmitir mensajes sobre la importancia de la vacunaci\u00f3n, present\u00f3 a la mascota de la campa\u00f1a, \u00abM\u00e1ximo\u00bb, un amigable tuc\u00e1n colorido.<\/p>\n<p>La Gran Jornada Nacional de Vacunaci\u00f3n y Desparasitaci\u00f3n representa un esfuerzo colectivo para proteger la salud de toda la poblaci\u00f3n hondure\u00f1a y fortalecer el sistema de salud del pa\u00eds.<\/p>\n<p>\u00a0<\/p>\n<p>Fuente: diarioroatan.com<\/p>\n","protected":false},"excerpt":{"rendered":"<p>Tegucigalpa. 13.05.2024 La ministra de Salud, Carla Paredes, anunci\u00f3 en cadena nacional el inicio de la Gran Jornada Nacional de Vacunaci\u00f3n y Desparasitaci\u00f3n, una campa\u00f1a crucial para proteger la salud p\u00fablica en todo el pa\u00eds. Durante su intervenci\u00f3n, la ministra destac\u00f3 la importancia vital de las vacunas en la prevenci\u00f3n de enfermedades graves y resalt\u00f3 &hellip;<\/p>\n","protected":false},"author":0,"featured_media":72010,"comment_status":"open","ping_status":"open","sticky":false,"template":"","format":"standard","meta":{"_jetpack_memberships_contains_paid_content":false,"footnotes":""},"categories":[5],"tags":[],"class_list":["post-72009","post","type-post","status-publish","format-standard","has-post-thumbnail","","category-noticias"],"jetpack_sharing_enabled":true,"jetpack_featured_media_url":"https:\/\/mickyandoniehn.com\/radio\/wp-content\/uploads\/2024\/05\/Carla-Paredes-vacunacion-696x387-1-uzNaCS.jpeg","_links":{"self":[{"href":"https:\/\/mickyandoniehn.com\/radio\/wp-json\/wp\/v2\/posts\/72009","targetHints":{"allow":["GET"]}}],"collection":[{"href":"https:\/\/mickyandoniehn.com\/radio\/wp-json\/wp\/v2\/posts"}],"about":[{"href":"https:\/\/mickyandoniehn.com\/radio\/wp-json\/wp\/v2\/types\/post"}],"replies":[{"embeddable":true,"href":"https:\/\/mickyandoniehn.com\/radio\/wp-json\/wp\/v2\/comments?post=72009"}],"version-history":[{"count":0,"href":"https:\/\/mickyandoniehn.com\/radio\/wp-json\/wp\/v2\/posts\/72009\/revisions"}],"wp:featuredmedia":[{"embeddable":true,"href":"https:\/\/mickyandoniehn.com\/radio\/wp-json\/wp\/v2\/media\/72010"}],"wp:attachment":[{"href":"https:\/\/mickyandoniehn.com\/radio\/wp-json\/wp\/v2\/media?parent=72009"}],"wp:term":[{"taxonomy":"category","embeddable":true,"href":"https:\/\/mickyandoniehn.com\/radio\/wp-json\/wp\/v2\/categories?post=72009"},{"taxonomy":"post_tag","embeddable":true,"href":"https:\/\/mickyandoniehn.com\/radio\/wp-json\/wp\/v2\/tags?post=72009"}],"curies":[{"name":"wp","href":"https:\/\/api.w.org\/{rel}","templated":true}]}}