{"id":72007,"date":"2024-05-13T16:12:38","date_gmt":"2024-05-13T22:12:38","guid":{"rendered":"https:\/\/mickyandoniehn.com\/radio\/2024\/05\/13\/honduras-anuncia-convocatoria-para-primer-microciclo-de-las-eliminatorias\/"},"modified":"2024-05-13T16:12:38","modified_gmt":"2024-05-13T22:12:38","slug":"honduras-anuncia-convocatoria-para-primer-microciclo-de-las-eliminatorias","status":"publish","type":"post","link":"https:\/\/mickyandoniehn.com\/radio\/2024\/05\/13\/honduras-anuncia-convocatoria-para-primer-microciclo-de-las-eliminatorias\/","title":{"rendered":"Honduras anuncia convocatoria para primer microciclo de las eliminatorias"},"content":{"rendered":"<\/p>\n<p>Tegucigalpa.. 13.05.2024<\/p>\n<p>El t\u00e9cnico colombiano llam\u00f3 a una n\u00f3mina de 26 jugadores, donde estar\u00e1n concentrados del lunes 13 al viernes 17 de mayo en el Hotel de Selecciones de la Federaci\u00f3n de F\u00fatbol de\u00a0<strong>Honduras\u00a0<\/strong>(FFH) en la ciudad de Siguatepeque.<\/p>\n<p>En ese sentido, el profesor Rueda solo convoc\u00f3 a jugadores de la Liga Nacional, salvo de Marath\u00f3n y Olimpia, debido a la final que disputar\u00e1n por el Clausura 2024.<\/p>\n<p>Cabe se\u00f1alar que, el \u00fanico legionario del<strong>\u00a0microciclo<\/strong>\u00a0por parte del cafetero, es Bryan Acosta del Gaziantep FK de Turqu\u00eda.<\/p>\n<p>Por otra parte, se destaca de nuevo el llamado del argentino naturalizado hondure\u00f1o Jonathan Rougier; adem\u00e1s, del regreso del delantero Rubilio Castillo.<\/p>\n<p>De igual manera, la aparici\u00f3n de j\u00f3venes en la<strong>\u00a0convocatoria<\/strong>\u00a0como ser Brayan F\u00e9lix (Real Espa\u00f1a), Onan Rodr\u00edguez (Real Espa\u00f1a), Andy Hern\u00e1ndez (Real Sociedad), Jefryn Mac\u00edas (Lobos), Edson Palacios (Vida), Elmer G\u00fcity (G\u00e9nesis) y Jordin Ruiz (Vida). \u00a1Enhorabuena!<\/p>\n<p>La \u00abH\u00bb debutar\u00e1 en las\u00a0<strong>eliminatorias<\/strong>\u00a0mundialistas ante Cuba en el Estadio Nacional Chelato Ucl\u00e9s de Tegucigalpa el jueves 06 de junio y, dos d\u00edas despu\u00e9s, visitar\u00e1n a Bermuda el domingo 09.<\/p>\n<p>Posteriormente,\u00a0<strong>Honduras\u00a0<\/strong>jugar\u00e1 un amistoso ante Ecuador el domingo 16 en el Pratt &amp; Whitney Stadium at Rentschler Field de la ciudad de East Hartford, Connecticut, Estados Unidos.<\/p>\n<div class=\"twitter-tweet twitter-tweet-rendered\"><\/div>\n<div><\/div>\n<div>Fuente: honduras.com<\/div>\n<div><\/div>\n","protected":false},"excerpt":{"rendered":"<p>Tegucigalpa.. 13.05.2024 El t\u00e9cnico colombiano llam\u00f3 a una n\u00f3mina de 26 jugadores, donde estar\u00e1n concentrados del lunes 13 al viernes 17 de mayo en el Hotel de Selecciones de la Federaci\u00f3n de F\u00fatbol de\u00a0Honduras\u00a0(FFH) en la ciudad de Siguatepeque. En ese sentido, el profesor Rueda solo convoc\u00f3 a jugadores de la Liga Nacional, salvo de &hellip;<\/p>\n","protected":false},"author":0,"featured_media":72008,"comment_status":"open","ping_status":"open","sticky":false,"template":"","format":"standard","meta":{"_jetpack_memberships_contains_paid_content":false,"footnotes":""},"categories":[5],"tags":[],"class_list":["post-72007","post","type-post","status-publish","format-standard","has-post-thumbnail","","category-noticias"],"jetpack_sharing_enabled":true,"jetpack_featured_media_url":"https:\/\/mickyandoniehn.com\/radio\/wp-content\/uploads\/2024\/05\/shn_7479939_20240513094340-xdAPxo.jpeg","_links":{"self":[{"href":"https:\/\/mickyandoniehn.com\/radio\/wp-json\/wp\/v2\/posts\/72007","targetHints":{"allow":["GET"]}}],"collection":[{"href":"https:\/\/mickyandoniehn.com\/radio\/wp-json\/wp\/v2\/posts"}],"about":[{"href":"https:\/\/mickyandoniehn.com\/radio\/wp-json\/wp\/v2\/types\/post"}],"replies":[{"embeddable":true,"href":"https:\/\/mickyandoniehn.com\/radio\/wp-json\/wp\/v2\/comments?post=72007"}],"version-history":[{"count":0,"href":"https:\/\/mickyandoniehn.com\/radio\/wp-json\/wp\/v2\/posts\/72007\/revisions"}],"wp:featuredmedia":[{"embeddable":true,"href":"https:\/\/mickyandoniehn.com\/radio\/wp-json\/wp\/v2\/media\/72008"}],"wp:attachment":[{"href":"https:\/\/mickyandoniehn.com\/radio\/wp-json\/wp\/v2\/media?parent=72007"}],"wp:term":[{"taxonomy":"category","embeddable":true,"href":"https:\/\/mickyandoniehn.com\/radio\/wp-json\/wp\/v2\/categories?post=72007"},{"taxonomy":"post_tag","embeddable":true,"href":"https:\/\/mickyandoniehn.com\/radio\/wp-json\/wp\/v2\/tags?post=72007"}],"curies":[{"name":"wp","href":"https:\/\/api.w.org\/{rel}","templated":true}]}}