{"id":72003,"date":"2024-05-13T14:12:42","date_gmt":"2024-05-13T20:12:42","guid":{"rendered":"http:\/\/mickyandoniehn.com\/radio\/2024\/05\/13\/unah-impartira-clases-los-sabados-y-domingos\/"},"modified":"2024-05-13T14:12:42","modified_gmt":"2024-05-13T20:12:42","slug":"unah-impartira-clases-los-sabados-y-domingos","status":"publish","type":"post","link":"https:\/\/mickyandoniehn.com\/radio\/2024\/05\/13\/unah-impartira-clases-los-sabados-y-domingos\/","title":{"rendered":"UNAH impartir\u00e1 clases los s\u00e1bados y domingos"},"content":{"rendered":"<\/p>\n<p class=\"mb-6\">Durante el pr\u00f3ximo periodo acad\u00e9mico, la Universidad Nacional Aut\u00f3noma de Honduras (UNAH), iniciar\u00e1 a impartir las clases generales los s\u00e1bados y domingos para abordar las dificultades de los alumnos en matricularse.<\/p>\n<p class=\"mb-6\">Entre las principales clases que estar\u00e1n disponibles ser\u00e1n espa\u00f1ol general, ingles I, filosof\u00eda, redacci\u00f3n general, literatura de Honduras y se considera abrir folclor nacional, primeros auxilios, ajedrez, voleibol, f\u00fatbol, m\u00fasica y otras.<\/p>\n<p class=\"mb-6\">La vicerrectora acad\u00e9mica, Lourdes Murcia, se\u00f1al\u00f3 que esta es una nueva oferta que es impulsada a trav\u00e9s de las diferentes facultades y centros regionales, con el espacio colaborativo de cada uno de los docentes.<\/p>\n<p class=\"mb-6\">\u201cEsto para que los d\u00edas s\u00e1bados y domingos se puedan impartir clases en la modalidad presencial y virtual en nuestra Alma Mater. Tambi\u00e9n en algunos centros regionales ya se est\u00e1 presentando las diferentes asignaturas\u201d, indic\u00f3.<\/p>\n<p class=\"mb-6\">Esta modalidad que impulsa la Rector\u00eda se trata de una ampliaci\u00f3n en el abanico de ofertas para los estudiantes y en especial para aquellos que por alguna raz\u00f3n no pueden estudiar durante la semana.<\/p>\n<p class=\"mb-6\">\u201cEsta es una amplitud de d\u00edas y gamas horarias para que puedan continuar con su proceso formativo acad\u00e9mico. En administraci\u00f3n de empresas tambi\u00e9n tendremos apertura de clases como contabilidad I, historia del comercio internacional y otras clases\u201d, indic\u00f3.<\/p>\n<p class=\"mb-6\">Murcia, puntualiz\u00f3 que esta es la primera etapa del pilotaje y dependiendo de la respuesta y la demanda se podr\u00e1 extender en las diferentes facultades y centros.<\/p>\n","protected":false},"excerpt":{"rendered":"<p>Durante el pr\u00f3ximo periodo acad\u00e9mico, la Universidad Nacional Aut\u00f3noma de Honduras (UNAH), iniciar\u00e1 a impartir las clases generales los s\u00e1bados y domingos para abordar las dificultades de los alumnos en matricularse. Entre las principales clases que estar\u00e1n disponibles ser\u00e1n espa\u00f1ol general, ingles I, filosof\u00eda, redacci\u00f3n general, literatura de Honduras y se considera abrir folclor nacional, &hellip;<\/p>\n","protected":false},"author":0,"featured_media":72004,"comment_status":"open","ping_status":"open","sticky":false,"template":"","format":"standard","meta":{"_jetpack_memberships_contains_paid_content":false,"footnotes":""},"categories":[5],"tags":[],"class_list":["post-72003","post","type-post","status-publish","format-standard","has-post-thumbnail","","category-noticias"],"jetpack_sharing_enabled":true,"jetpack_featured_media_url":"https:\/\/mickyandoniehn.com\/radio\/wp-content\/uploads\/2024\/05\/CLASES-MEwd0Z.jpeg","_links":{"self":[{"href":"https:\/\/mickyandoniehn.com\/radio\/wp-json\/wp\/v2\/posts\/72003","targetHints":{"allow":["GET"]}}],"collection":[{"href":"https:\/\/mickyandoniehn.com\/radio\/wp-json\/wp\/v2\/posts"}],"about":[{"href":"https:\/\/mickyandoniehn.com\/radio\/wp-json\/wp\/v2\/types\/post"}],"replies":[{"embeddable":true,"href":"https:\/\/mickyandoniehn.com\/radio\/wp-json\/wp\/v2\/comments?post=72003"}],"version-history":[{"count":0,"href":"https:\/\/mickyandoniehn.com\/radio\/wp-json\/wp\/v2\/posts\/72003\/revisions"}],"wp:featuredmedia":[{"embeddable":true,"href":"https:\/\/mickyandoniehn.com\/radio\/wp-json\/wp\/v2\/media\/72004"}],"wp:attachment":[{"href":"https:\/\/mickyandoniehn.com\/radio\/wp-json\/wp\/v2\/media?parent=72003"}],"wp:term":[{"taxonomy":"category","embeddable":true,"href":"https:\/\/mickyandoniehn.com\/radio\/wp-json\/wp\/v2\/categories?post=72003"},{"taxonomy":"post_tag","embeddable":true,"href":"https:\/\/mickyandoniehn.com\/radio\/wp-json\/wp\/v2\/tags?post=72003"}],"curies":[{"name":"wp","href":"https:\/\/api.w.org\/{rel}","templated":true}]}}