{"id":72001,"date":"2024-05-13T14:12:41","date_gmt":"2024-05-13T20:12:41","guid":{"rendered":"http:\/\/mickyandoniehn.com\/radio\/2024\/05\/13\/juticalpa-licita-la-recoleccion-de-desechos-solidos\/"},"modified":"2024-05-13T14:12:41","modified_gmt":"2024-05-13T20:12:41","slug":"juticalpa-licita-la-recoleccion-de-desechos-solidos","status":"publish","type":"post","link":"https:\/\/mickyandoniehn.com\/radio\/2024\/05\/13\/juticalpa-licita-la-recoleccion-de-desechos-solidos\/","title":{"rendered":"Juticalpa licita la recolecci\u00f3n de desechos s\u00f3lidos"},"content":{"rendered":"<\/p>\n<p class=\"mb-6\"><em><strong>JUTICALPA.<\/strong><\/em>\u00a0Las autoridades municipales acordaron licitar la adjudicaci\u00f3n del proceso de recolecci\u00f3n de desechos s\u00f3lidos en esta cabecera departamental.<\/p>\n<p class=\"mb-6\">Representantes de tres compa\u00f1\u00edas oferentes para el proceso de licitaci\u00f3n para la recolecci\u00f3n de desechos s\u00f3lidos, participaron junto a miembros del Comit\u00e9 T\u00e9cnico Municipal de reconocimiento.<\/p>\n<p class=\"mb-6\">Se trata de una gira de reconocimiento de la ruta 1 de recolecci\u00f3n de desechos s\u00f3lidos, que comprende el recorrido desde el crematorio municipal, el bulevar \u201cLos Poetas\u201d y el barrio El Centro hasta la Regi\u00f3n Sanitaria de Salud y viceversa.<\/p>\n<p class=\"mb-6\">De acuerdo con fuentes oficiales, el pr\u00f3ximo 5 de junio es la fecha de recepci\u00f3n de ofertas de la licitaci\u00f3n p\u00fablica en el sal\u00f3n de sesiones \u201cDoctor Juan Sarmiento Galindo\u201d, de la municipalidad de Juticalpa.<\/p>\n<p class=\"mb-6\">Agrega la fuente que la intenci\u00f3n es mejorar el servicio a la poblaci\u00f3n y actuar con transparencia en la gobernabilidad local en beneficio del municipio.<em><strong>(FS)<\/strong><\/em><\/p>\n<p>Las autoridades municipales han decidido licitar el servicio de recolecci\u00f3n de basura en esta cabecera departamental con la intenci\u00f3n de mejorar la atenci\u00f3n a la poblaci\u00f3n.<br \/>\nPor lo menos, representantes de tres empresas han ofrecido su intenci\u00f3n de participar en el proceso de licitaci\u00f3n de recolecci\u00f3n de desechos s\u00f3lidos en Juticalpa, Olancho.<br \/>\nSe inform\u00f3 que el pr\u00f3ximo 5 de junio es la fecha de recepci\u00f3n de ofertas de la licitaci\u00f3n p\u00fablica en el sal\u00f3n de sesiones \u201cDoctor Juan Sarmiento Galindo\u201d, de la municipalidad de Juticalpa.<br \/>\nLas autoridades municipales y representantes de las empresas oferentes realizaron un recorrido por la ruta 1, que se hace en la recolecci\u00f3n de basura en la ciudad de Juticalpa.<\/p>\n","protected":false},"excerpt":{"rendered":"<p>JUTICALPA.\u00a0Las autoridades municipales acordaron licitar la adjudicaci\u00f3n del proceso de recolecci\u00f3n de desechos s\u00f3lidos en esta cabecera departamental. Representantes de tres compa\u00f1\u00edas oferentes para el proceso de licitaci\u00f3n para la recolecci\u00f3n de desechos s\u00f3lidos, participaron junto a miembros del Comit\u00e9 T\u00e9cnico Municipal de reconocimiento. Se trata de una gira de reconocimiento de la ruta 1 &hellip;<\/p>\n","protected":false},"author":0,"featured_media":72002,"comment_status":"open","ping_status":"open","sticky":false,"template":"","format":"standard","meta":{"_jetpack_memberships_contains_paid_content":false,"footnotes":""},"categories":[5],"tags":[],"class_list":["post-72001","post","type-post","status-publish","format-standard","has-post-thumbnail","","category-noticias"],"jetpack_sharing_enabled":true,"jetpack_featured_media_url":"https:\/\/mickyandoniehn.com\/radio\/wp-content\/uploads\/2024\/05\/LICITACION-DE-BASURA-1-LRyEhe.jpeg","_links":{"self":[{"href":"https:\/\/mickyandoniehn.com\/radio\/wp-json\/wp\/v2\/posts\/72001","targetHints":{"allow":["GET"]}}],"collection":[{"href":"https:\/\/mickyandoniehn.com\/radio\/wp-json\/wp\/v2\/posts"}],"about":[{"href":"https:\/\/mickyandoniehn.com\/radio\/wp-json\/wp\/v2\/types\/post"}],"replies":[{"embeddable":true,"href":"https:\/\/mickyandoniehn.com\/radio\/wp-json\/wp\/v2\/comments?post=72001"}],"version-history":[{"count":0,"href":"https:\/\/mickyandoniehn.com\/radio\/wp-json\/wp\/v2\/posts\/72001\/revisions"}],"wp:featuredmedia":[{"embeddable":true,"href":"https:\/\/mickyandoniehn.com\/radio\/wp-json\/wp\/v2\/media\/72002"}],"wp:attachment":[{"href":"https:\/\/mickyandoniehn.com\/radio\/wp-json\/wp\/v2\/media?parent=72001"}],"wp:term":[{"taxonomy":"category","embeddable":true,"href":"https:\/\/mickyandoniehn.com\/radio\/wp-json\/wp\/v2\/categories?post=72001"},{"taxonomy":"post_tag","embeddable":true,"href":"https:\/\/mickyandoniehn.com\/radio\/wp-json\/wp\/v2\/tags?post=72001"}],"curies":[{"name":"wp","href":"https:\/\/api.w.org\/{rel}","templated":true}]}}