{"id":71989,"date":"2024-05-13T12:12:50","date_gmt":"2024-05-13T18:12:50","guid":{"rendered":"http:\/\/mickyandoniehn.com\/radio\/2024\/05\/13\/secretaria-de-salud-incia-jornada-de-vacunacion-y-desparasitacion\/"},"modified":"2024-05-13T12:12:50","modified_gmt":"2024-05-13T18:12:50","slug":"secretaria-de-salud-incia-jornada-de-vacunacion-y-desparasitacion","status":"publish","type":"post","link":"https:\/\/mickyandoniehn.com\/radio\/2024\/05\/13\/secretaria-de-salud-incia-jornada-de-vacunacion-y-desparasitacion\/","title":{"rendered":"Secretar\u00eda de Salud incia jornada de vacunaci\u00f3n y desparasitaci\u00f3n"},"content":{"rendered":"<\/p>\n<p><strong>Tegucigalpa. 13.05.2024<\/strong><\/p>\n<p class=\"mb-6\">La ministra de la Secretar\u00eda de Salud (SESAL), Carla Paredes dio a conocer a trav\u00e9s de Cadena Nacional que este lunes inicia la jornada de vacunaci\u00f3n y desparasitaci\u00f3n a nivel nacional.<\/p>\n<p class=\"mb-6\">Paredes, invit\u00f3 a la poblaci\u00f3n a sumarse a la jornada de vacunaci\u00f3n para proteger la salud y aportar a un pa\u00eds m\u00e1s saludable, al tiempo que solicit\u00f3 a las 298 municipalidades, docentes y personal de salud informar sobre la importancia de la vacunaci\u00f3n.<\/p>\n<p class=\"mb-6\">Las vacunas son eficaces, seguras, de calidad y gratuitas, y ser\u00e1n aplicadas en los centros de vacunaci\u00f3n, adem\u00e1s, por las brigadas que realizar\u00e1n recorridos en barrios y colonias a nivel nacional.<\/p>\n<p class=\"mb-6\">\u201cUn\u00e1monos en esta noble causa, abracemos la esperanza y la protecci\u00f3n, construyamos un pa\u00eds m\u00e1s saludable\u201d, dijo la titular de Salud.<\/p>\n<p class=\"mb-6\">\u201cLas vacunas son un pilar fundamental en la protecci\u00f3n de la salud p\u00fablica\u201d, agreg\u00f3 Carla Paredes.<\/p>\n<p class=\"mb-6\">La ministra de Sesal invit\u00f3 a la ciudadan\u00eda a acercarse \u201csin miedo\u201d a los centros asistenciales p\u00fablicos del pa\u00eds.<\/p>\n<p>Fuente: latribuna.hn<\/p>\n","protected":false},"excerpt":{"rendered":"<p>Tegucigalpa. 13.05.2024 La ministra de la Secretar\u00eda de Salud (SESAL), Carla Paredes dio a conocer a trav\u00e9s de Cadena Nacional que este lunes inicia la jornada de vacunaci\u00f3n y desparasitaci\u00f3n a nivel nacional. Paredes, invit\u00f3 a la poblaci\u00f3n a sumarse a la jornada de vacunaci\u00f3n para proteger la salud y aportar a un pa\u00eds m\u00e1s &hellip;<\/p>\n","protected":false},"author":0,"featured_media":71990,"comment_status":"open","ping_status":"open","sticky":false,"template":"","format":"standard","meta":{"_jetpack_memberships_contains_paid_content":false,"footnotes":""},"categories":[5],"tags":[],"class_list":["post-71989","post","type-post","status-publish","format-standard","has-post-thumbnail","","category-noticias"],"jetpack_sharing_enabled":true,"jetpack_featured_media_url":"https:\/\/mickyandoniehn.com\/radio\/wp-content\/uploads\/2024\/05\/Jornada-de-Vacunacion-2024-Z3ZsN2.jpeg","_links":{"self":[{"href":"https:\/\/mickyandoniehn.com\/radio\/wp-json\/wp\/v2\/posts\/71989","targetHints":{"allow":["GET"]}}],"collection":[{"href":"https:\/\/mickyandoniehn.com\/radio\/wp-json\/wp\/v2\/posts"}],"about":[{"href":"https:\/\/mickyandoniehn.com\/radio\/wp-json\/wp\/v2\/types\/post"}],"replies":[{"embeddable":true,"href":"https:\/\/mickyandoniehn.com\/radio\/wp-json\/wp\/v2\/comments?post=71989"}],"version-history":[{"count":0,"href":"https:\/\/mickyandoniehn.com\/radio\/wp-json\/wp\/v2\/posts\/71989\/revisions"}],"wp:featuredmedia":[{"embeddable":true,"href":"https:\/\/mickyandoniehn.com\/radio\/wp-json\/wp\/v2\/media\/71990"}],"wp:attachment":[{"href":"https:\/\/mickyandoniehn.com\/radio\/wp-json\/wp\/v2\/media?parent=71989"}],"wp:term":[{"taxonomy":"category","embeddable":true,"href":"https:\/\/mickyandoniehn.com\/radio\/wp-json\/wp\/v2\/categories?post=71989"},{"taxonomy":"post_tag","embeddable":true,"href":"https:\/\/mickyandoniehn.com\/radio\/wp-json\/wp\/v2\/tags?post=71989"}],"curies":[{"name":"wp","href":"https:\/\/api.w.org\/{rel}","templated":true}]}}