{"id":71983,"date":"2024-05-13T07:12:36","date_gmt":"2024-05-13T13:12:36","guid":{"rendered":"http:\/\/mickyandoniehn.com\/radio\/2024\/05\/13\/honduras-en-la-historia-13-de-mayo-1830-posesion-de-roatan\/"},"modified":"2024-05-13T07:12:36","modified_gmt":"2024-05-13T13:12:36","slug":"honduras-en-la-historia-13-de-mayo-1830-posesion-de-roatan","status":"publish","type":"post","link":"https:\/\/mickyandoniehn.com\/radio\/2024\/05\/13\/honduras-en-la-historia-13-de-mayo-1830-posesion-de-roatan\/","title":{"rendered":"Honduras en la Historia: 13 de mayo 1830, Posesi\u00f3n de Roat\u00e1n"},"content":{"rendered":"<\/p>\n<div class=\"xdj266r x11i5rnm xat24cr x1mh8g0r x1vvkbs x126k92a\">\n<div>Honduras en la historia, 13 de Mayo 1830<\/div>\n<div>Posesi\u00f3n de Roat\u00e1n<\/div>\n<div><\/div>\n<\/div>\n<div class=\"x11i5rnm xat24cr x1mh8g0r x1vvkbs xtlvy1s x126k92a\">\n<div>Gran Breta\u00f1a desocup\u00f3 las islas quedando bajo la jurisdicci\u00f3n hondure\u00f1a, pero el 13 de mayo de 1830 el superintendente de Belice tom\u00f3 posesi\u00f3n de Roat\u00e1n en nombre de la Corona Inglesa.<\/div>\n<\/div>\n<div class=\"x11i5rnm xat24cr x1mh8g0r x1vvkbs xtlvy1s x126k92a\">\n<div>Despu\u00e9s de la independencia de Centro-Am\u00e9rica del Gobierno espa\u00f1ol, las Islas de la Bah\u00eda quedaron bajo la jurisdicci\u00f3n de Honduras; pero en mayo de 1830, el Superintendente de Belice, irritado por no hab\u00e9rsele querido entregar unos esclavos fugitivos, para vengarse, tom\u00f3 posesi\u00f3n de Roat\u00e1n en nombre de la corona inglesa. Ante esta nueva invasi\u00f3n, el gobierno federal de Centroam\u00e9rica, dirigi\u00f3 al de Inglaterra una en\u00e9rgica protesta. Esta fue atendida y los ingleses terminaron por devolver las islas a Centroam\u00e9rica, estando ya el General Francisco Moraz\u00e1n al frente del Gobierno federal.<\/div>\n<\/div>\n<div class=\"x11i5rnm xat24cr x1mh8g0r x1vvkbs xtlvy1s x126k92a\">\n<div>Con la desintegraci\u00f3n de la Rep\u00fablica Federal de Centroam\u00e9rica en 1838, Honduras qued\u00f3 en posesi\u00f3n de las Islas de la Bah\u00eda. Ese mismo a\u00f1o una partida de esclavos liberados del Gran Caym\u00e1n fue a establecerse en Roat\u00e1n.<\/div>\n<\/div>\n","protected":false},"excerpt":{"rendered":"<p>Honduras en la historia, 13 de Mayo 1830 Posesi\u00f3n de Roat\u00e1n Gran Breta\u00f1a desocup\u00f3 las islas quedando bajo la jurisdicci\u00f3n hondure\u00f1a, pero el 13 de mayo de 1830 el superintendente de Belice tom\u00f3 posesi\u00f3n de Roat\u00e1n en nombre de la Corona Inglesa. Despu\u00e9s de la independencia de Centro-Am\u00e9rica del Gobierno espa\u00f1ol, las Islas de la &hellip;<\/p>\n","protected":false},"author":0,"featured_media":71984,"comment_status":"open","ping_status":"open","sticky":false,"template":"","format":"standard","meta":{"_jetpack_memberships_contains_paid_content":false,"footnotes":""},"categories":[5],"tags":[],"class_list":["post-71983","post","type-post","status-publish","format-standard","has-post-thumbnail","","category-noticias"],"jetpack_sharing_enabled":true,"jetpack_featured_media_url":"https:\/\/mickyandoniehn.com\/radio\/wp-content\/uploads\/2024\/05\/13.8-CUb7gj.jpeg","_links":{"self":[{"href":"https:\/\/mickyandoniehn.com\/radio\/wp-json\/wp\/v2\/posts\/71983","targetHints":{"allow":["GET"]}}],"collection":[{"href":"https:\/\/mickyandoniehn.com\/radio\/wp-json\/wp\/v2\/posts"}],"about":[{"href":"https:\/\/mickyandoniehn.com\/radio\/wp-json\/wp\/v2\/types\/post"}],"replies":[{"embeddable":true,"href":"https:\/\/mickyandoniehn.com\/radio\/wp-json\/wp\/v2\/comments?post=71983"}],"version-history":[{"count":0,"href":"https:\/\/mickyandoniehn.com\/radio\/wp-json\/wp\/v2\/posts\/71983\/revisions"}],"wp:featuredmedia":[{"embeddable":true,"href":"https:\/\/mickyandoniehn.com\/radio\/wp-json\/wp\/v2\/media\/71984"}],"wp:attachment":[{"href":"https:\/\/mickyandoniehn.com\/radio\/wp-json\/wp\/v2\/media?parent=71983"}],"wp:term":[{"taxonomy":"category","embeddable":true,"href":"https:\/\/mickyandoniehn.com\/radio\/wp-json\/wp\/v2\/categories?post=71983"},{"taxonomy":"post_tag","embeddable":true,"href":"https:\/\/mickyandoniehn.com\/radio\/wp-json\/wp\/v2\/tags?post=71983"}],"curies":[{"name":"wp","href":"https:\/\/api.w.org\/{rel}","templated":true}]}}