{"id":71981,"date":"2024-05-13T07:12:35","date_gmt":"2024-05-13T13:12:35","guid":{"rendered":"http:\/\/mickyandoniehn.com\/radio\/2024\/05\/13\/honduras-en-la-historia-13-de-mayo-1902-nace-la-poeta-clementina-suarez\/"},"modified":"2024-05-13T07:12:35","modified_gmt":"2024-05-13T13:12:35","slug":"honduras-en-la-historia-13-de-mayo-1902-nace-la-poeta-clementina-suarez","status":"publish","type":"post","link":"https:\/\/mickyandoniehn.com\/radio\/2024\/05\/13\/honduras-en-la-historia-13-de-mayo-1902-nace-la-poeta-clementina-suarez\/","title":{"rendered":"Honduras en la Historia:  13 de mayo 1902 Nace la poeta Clementina Su\u00e1rez"},"content":{"rendered":"<\/p>\n<div class=\"xdj266r x11i5rnm xat24cr x1mh8g0r x1vvkbs x126k92a\">\n<div>Hondurasensusmanos\/hoyenlahistoria, 13 de mayo de 1902<\/div>\n<div>Nace la Poetisa Clementina Su\u00e1rez<\/div>\n<div><\/div>\n<\/div>\n<div class=\"x11i5rnm xat24cr x1mh8g0r x1vvkbs xtlvy1s x126k92a\">\n<div>Clementina Su\u00e1rez, naci\u00f3 en 1906 en la localidad de Juticalpa, departamento de Olancho, en la Rep\u00fablica de Honduras.<\/div>\n<\/div>\n<div class=\"x11i5rnm xat24cr x1mh8g0r x1vvkbs xtlvy1s x126k92a\">\n<div>Clementina Su\u00e1rez es uno de los nombres fundamentales de la poes\u00eda hondure\u00f1a de vanguardia. Fue una Bohemia apasionada de los caf\u00e9s. Desde muy ni\u00f1a se habitu\u00f3 a ir donde quer\u00eda y hacer lo que le pareciera.<\/div>\n<\/div>\n","protected":false},"excerpt":{"rendered":"<p>Hondurasensusmanos\/hoyenlahistoria, 13 de mayo de 1902 Nace la Poetisa Clementina Su\u00e1rez Clementina Su\u00e1rez, naci\u00f3 en 1906 en la localidad de Juticalpa, departamento de Olancho, en la Rep\u00fablica de Honduras. Clementina Su\u00e1rez es uno de los nombres fundamentales de la poes\u00eda hondure\u00f1a de vanguardia. Fue una Bohemia apasionada de los caf\u00e9s. Desde muy ni\u00f1a se habitu\u00f3 &hellip;<\/p>\n","protected":false},"author":0,"featured_media":71982,"comment_status":"open","ping_status":"open","sticky":false,"template":"","format":"standard","meta":{"_jetpack_memberships_contains_paid_content":false,"footnotes":""},"categories":[5],"tags":[],"class_list":["post-71981","post","type-post","status-publish","format-standard","has-post-thumbnail","","category-noticias"],"jetpack_sharing_enabled":true,"jetpack_featured_media_url":"https:\/\/mickyandoniehn.com\/radio\/wp-content\/uploads\/2024\/05\/13.3-PuvOVr.jpeg","_links":{"self":[{"href":"https:\/\/mickyandoniehn.com\/radio\/wp-json\/wp\/v2\/posts\/71981","targetHints":{"allow":["GET"]}}],"collection":[{"href":"https:\/\/mickyandoniehn.com\/radio\/wp-json\/wp\/v2\/posts"}],"about":[{"href":"https:\/\/mickyandoniehn.com\/radio\/wp-json\/wp\/v2\/types\/post"}],"replies":[{"embeddable":true,"href":"https:\/\/mickyandoniehn.com\/radio\/wp-json\/wp\/v2\/comments?post=71981"}],"version-history":[{"count":0,"href":"https:\/\/mickyandoniehn.com\/radio\/wp-json\/wp\/v2\/posts\/71981\/revisions"}],"wp:featuredmedia":[{"embeddable":true,"href":"https:\/\/mickyandoniehn.com\/radio\/wp-json\/wp\/v2\/media\/71982"}],"wp:attachment":[{"href":"https:\/\/mickyandoniehn.com\/radio\/wp-json\/wp\/v2\/media?parent=71981"}],"wp:term":[{"taxonomy":"category","embeddable":true,"href":"https:\/\/mickyandoniehn.com\/radio\/wp-json\/wp\/v2\/categories?post=71981"},{"taxonomy":"post_tag","embeddable":true,"href":"https:\/\/mickyandoniehn.com\/radio\/wp-json\/wp\/v2\/tags?post=71981"}],"curies":[{"name":"wp","href":"https:\/\/api.w.org\/{rel}","templated":true}]}}