{"id":71958,"date":"2024-05-11T13:12:35","date_gmt":"2024-05-11T19:12:35","guid":{"rendered":"http:\/\/mickyandoniehn.com\/radio\/2024\/05\/11\/las-espectaculares-auroras-boreales-que-dejo-la-tormenta-geomagnetica-galeria\/"},"modified":"2024-05-11T13:12:35","modified_gmt":"2024-05-11T19:12:35","slug":"las-espectaculares-auroras-boreales-que-dejo-la-tormenta-geomagnetica-galeria","status":"publish","type":"post","link":"https:\/\/mickyandoniehn.com\/radio\/2024\/05\/11\/las-espectaculares-auroras-boreales-que-dejo-la-tormenta-geomagnetica-galeria\/","title":{"rendered":"Las espectaculares Auroras Boreales que dej\u00f3 la Tormenta Geomagn\u00e9tica (galer\u00eda)"},"content":{"rendered":"<\/p>\n<p class=\"mb-6\">La Tormenta Geomagn\u00e9tica ha dejado impresionantes im\u00e1genes de Auroras Boreales en varios pa\u00edses, principalmente de Europa.<\/p>\n<p class=\"mb-6\">En las redes sociales, decenas de internautas han compartido las asombrosas im\u00e1genes y expresan su asombro ante lo que presenciaron sus ojos.<\/p>\n<p class=\"mb-6\">\u201cAyer volviendo de Canarias empec\u00e9 a ver algo luminoso en el cielo cuando \u00edbamos por Portugal. Nunca habr\u00eda imaginado ver Auroras Boreales a esa latitud. No las hab\u00eda visto antes en persona. Fue muy espectacular\u201d, indic\u00f3 un internauta.<\/p>\n<p class=\"mb-6\">\u201cHa sido algo \u00fanico que se haya podido ver en tantas partes de Europa desde el suelo. Yo creo que era algo pendiente que ten\u00edamos muchos por ver\u201d, expreso un testigo de este evento.<\/p>\n<p class=\"mb-6\">Otra de las im\u00e1genes compartidas, fue tomada desde un avi\u00f3n en pleno vuelo, totalmente m\u00e1gico.<\/p>\n<p class=\"mb-6\">\u201cQue incre\u00edble experiencia les toc\u00f3 vivir a todas las personas que est\u00e1n ahora en Europa con las Autoras boreales. Woooooow!\u201d.<\/p>\n<p class=\"mb-6\"><span class=\"css-1qaijid r-bcqeeo r-qvutc0 r-poiln3\">\u201cMajestuosas las postales que nos deja las\u00a0<\/span><span class=\"css-1qaijid r-bcqeeo r-qvutc0 r-poiln3 r-b88u0q\">auroras<\/span>\u00a0<span class=\"css-1qaijid r-bcqeeo r-qvutc0 r-poiln3 r-b88u0q\">boreales<\/span><span class=\"css-1qaijid r-bcqeeo r-qvutc0 r-poiln3\">\u00a0en Londres, Madrid, Torres del Paine en Chile y Finlandia Para contemplar ! Que bello es nuestro planeta\u201d, comenta un usuario de las redes.<\/span><\/p>\n<h4 class=\"css-1sgbwt8\"><em><strong>\u00bfC\u00f3mo se forman las auroras boreales?<\/strong><\/em><\/h4>\n<p class=\"mb-6\">La aurora boreal y la aurora austral nos han deslumbrado en el cielo nocturno durante siglos. A continuaci\u00f3n te explicamos qu\u00e9 las provoca y por qu\u00e9 las estamos viendo m\u00e1s \u00faltimamente.<\/p>\n<p class=\"mb-6\">No importa cu\u00e1ntas veces las veas, las auroras boreales son un espect\u00e1culo et\u00e9reo e impresionante. Danzan silenciosamente en la atm\u00f3sfera superior de la Tierra, formando l\u00e1minas iridiscentes de luz verde y roja (o a veces azul y p\u00farpura).<\/p>\n<p class=\"mb-6\">\u00a0<\/p>\n","protected":false},"excerpt":{"rendered":"<p>La Tormenta Geomagn\u00e9tica ha dejado impresionantes im\u00e1genes de Auroras Boreales en varios pa\u00edses, principalmente de Europa. En las redes sociales, decenas de internautas han compartido las asombrosas im\u00e1genes y expresan su asombro ante lo que presenciaron sus ojos. \u201cAyer volviendo de Canarias empec\u00e9 a ver algo luminoso en el cielo cuando \u00edbamos por Portugal. Nunca &hellip;<\/p>\n","protected":false},"author":0,"featured_media":71959,"comment_status":"open","ping_status":"open","sticky":false,"template":"","format":"standard","meta":{"_jetpack_memberships_contains_paid_content":false,"footnotes":""},"categories":[5],"tags":[],"class_list":["post-71958","post","type-post","status-publish","format-standard","has-post-thumbnail","","category-noticias"],"jetpack_sharing_enabled":true,"jetpack_featured_media_url":"https:\/\/mickyandoniehn.com\/radio\/wp-content\/uploads\/2024\/05\/Auroras-Boreales-eMqpGh.jpeg","_links":{"self":[{"href":"https:\/\/mickyandoniehn.com\/radio\/wp-json\/wp\/v2\/posts\/71958","targetHints":{"allow":["GET"]}}],"collection":[{"href":"https:\/\/mickyandoniehn.com\/radio\/wp-json\/wp\/v2\/posts"}],"about":[{"href":"https:\/\/mickyandoniehn.com\/radio\/wp-json\/wp\/v2\/types\/post"}],"replies":[{"embeddable":true,"href":"https:\/\/mickyandoniehn.com\/radio\/wp-json\/wp\/v2\/comments?post=71958"}],"version-history":[{"count":0,"href":"https:\/\/mickyandoniehn.com\/radio\/wp-json\/wp\/v2\/posts\/71958\/revisions"}],"wp:featuredmedia":[{"embeddable":true,"href":"https:\/\/mickyandoniehn.com\/radio\/wp-json\/wp\/v2\/media\/71959"}],"wp:attachment":[{"href":"https:\/\/mickyandoniehn.com\/radio\/wp-json\/wp\/v2\/media?parent=71958"}],"wp:term":[{"taxonomy":"category","embeddable":true,"href":"https:\/\/mickyandoniehn.com\/radio\/wp-json\/wp\/v2\/categories?post=71958"},{"taxonomy":"post_tag","embeddable":true,"href":"https:\/\/mickyandoniehn.com\/radio\/wp-json\/wp\/v2\/tags?post=71958"}],"curies":[{"name":"wp","href":"https:\/\/api.w.org\/{rel}","templated":true}]}}