{"id":71913,"date":"2024-05-10T07:12:41","date_gmt":"2024-05-10T13:12:41","guid":{"rendered":"http:\/\/mickyandoniehn.com\/radio\/2024\/05\/10\/la-historia-del-mundo-y-honduras-715\/"},"modified":"2024-05-10T07:12:41","modified_gmt":"2024-05-10T13:12:41","slug":"la-historia-del-mundo-y-honduras-715","status":"publish","type":"post","link":"https:\/\/mickyandoniehn.com\/radio\/2024\/05\/10\/la-historia-del-mundo-y-honduras-715\/","title":{"rendered":"La Historia del Mundo y Honduras"},"content":{"rendered":"<\/p>\n<p><strong>10 de Mayo del 1967, Nace Sid Vicious<\/strong><\/p>\n<p>El 10 de mayo de 1957 nac\u00eda en Londres, Inglaterra, John Simon Ritchie, m\u00e1s conocido como Sid Vicious. Sid se uni\u00f3 a los\u00a0 SexPistols tras la partida del bajista original, Glen Matlock, gracias a su amistad con el vocalista Johnny Rotten. Con ellos grabar\u00eda el \u00fanico disco de estudio de la banda, Never Mind the Bollocks, aunque la mayor parte de los temas fueron grabados por su reemplazo, ya que Vicious tuvo que ser hospitalizado por una hepatitis generada por su adicci\u00f3n a las drogas.<\/p><\/p>\n","protected":false},"excerpt":{"rendered":"<p>10 de Mayo del 1967, Nace Sid Vicious El 10 de mayo de 1957 nac\u00eda en Londres, Inglaterra, John Simon Ritchie, m\u00e1s conocido como Sid Vicious. Sid se uni\u00f3 a los\u00a0 SexPistols tras la partida del bajista original, Glen Matlock, gracias a su amistad con el vocalista Johnny Rotten. Con ellos grabar\u00eda el \u00fanico disco &hellip;<\/p>\n","protected":false},"author":0,"featured_media":5704,"comment_status":"open","ping_status":"open","sticky":false,"template":"","format":"standard","meta":{"_jetpack_memberships_contains_paid_content":false,"footnotes":""},"categories":[5],"tags":[],"class_list":["post-71913","post","type-post","status-publish","format-standard","has-post-thumbnail","","category-noticias"],"jetpack_sharing_enabled":true,"jetpack_featured_media_url":"https:\/\/mickyandoniehn.com\/radio\/wp-content\/uploads\/2021\/12\/16-de-Diciembre-1770-Nace-en-Bonn-Alemania-Ludwig-Van-Beethoven-LX4LeI.jpeg","_links":{"self":[{"href":"https:\/\/mickyandoniehn.com\/radio\/wp-json\/wp\/v2\/posts\/71913","targetHints":{"allow":["GET"]}}],"collection":[{"href":"https:\/\/mickyandoniehn.com\/radio\/wp-json\/wp\/v2\/posts"}],"about":[{"href":"https:\/\/mickyandoniehn.com\/radio\/wp-json\/wp\/v2\/types\/post"}],"replies":[{"embeddable":true,"href":"https:\/\/mickyandoniehn.com\/radio\/wp-json\/wp\/v2\/comments?post=71913"}],"version-history":[{"count":0,"href":"https:\/\/mickyandoniehn.com\/radio\/wp-json\/wp\/v2\/posts\/71913\/revisions"}],"wp:featuredmedia":[{"embeddable":true,"href":"https:\/\/mickyandoniehn.com\/radio\/wp-json\/wp\/v2\/media\/5704"}],"wp:attachment":[{"href":"https:\/\/mickyandoniehn.com\/radio\/wp-json\/wp\/v2\/media?parent=71913"}],"wp:term":[{"taxonomy":"category","embeddable":true,"href":"https:\/\/mickyandoniehn.com\/radio\/wp-json\/wp\/v2\/categories?post=71913"},{"taxonomy":"post_tag","embeddable":true,"href":"https:\/\/mickyandoniehn.com\/radio\/wp-json\/wp\/v2\/tags?post=71913"}],"curies":[{"name":"wp","href":"https:\/\/api.w.org\/{rel}","templated":true}]}}