{"id":71873,"date":"2024-05-09T11:12:41","date_gmt":"2024-05-09T17:12:41","guid":{"rendered":"https:\/\/mickyandoniehn.com\/radio\/2024\/05\/09\/copeco-pronostica-condiciones-secas-por-la-manana-y-lluvias-por-la-tarde-en-honduras\/"},"modified":"2024-05-09T11:12:41","modified_gmt":"2024-05-09T17:12:41","slug":"copeco-pronostica-condiciones-secas-por-la-manana-y-lluvias-por-la-tarde-en-honduras","status":"publish","type":"post","link":"https:\/\/mickyandoniehn.com\/radio\/2024\/05\/09\/copeco-pronostica-condiciones-secas-por-la-manana-y-lluvias-por-la-tarde-en-honduras\/","title":{"rendered":"Copeco pronostica condiciones secas por la ma\u00f1ana y lluvias por la tarde en Honduras"},"content":{"rendered":"<\/p>\n<p><strong>Tegucigalpa. 09.05.2024<\/strong><\/p>\n<p class=\"mb-6\">Seg\u00fan el \u00faltimo reporte de Copeco para este jueves, se esperan condiciones mayormente secas durante la ma\u00f1ana en la mayor parte del pa\u00eds. Sin embargo, por la tarde, se prev\u00e9n lluvias con actividad el\u00e9ctrica en \u00e1reas de las regiones del suroccidente, sur y central, debido a la convergencia de viento y humedad proveniente del Caribe y del Pac\u00edfico.<\/p>\n<p class=\"mb-6\">El pronosticador de turno, Will Ochoa, destac\u00f3 que estas condiciones se dan en el marco de la fase de luna nueva en curso.<\/p>\n<p class=\"mb-6\">En cuanto al estado del mar, se pronostica un oleaje de 1-3 pies para el litoral caribe\u00f1o, mientras que en el Golfo de Fonseca se espera un oleaje similar, con alturas entre 1 y 3 pies.<\/p>\n<p class=\"mb-6\">Se recomienda a la poblaci\u00f3n tomar precauciones, especialmente durante la tarde, cuando se esperan las lluvias, y estar atentos a los avisos y alertas emitidos por las autoridades.<\/p>\n<div class=\"twitter-tweet twitter-tweet-rendered\"><\/div>\n<div><\/div>\n<div>Fuente: latribuna.hn<\/div>\n<div><\/div>\n","protected":false},"excerpt":{"rendered":"<p>Tegucigalpa. 09.05.2024 Seg\u00fan el \u00faltimo reporte de Copeco para este jueves, se esperan condiciones mayormente secas durante la ma\u00f1ana en la mayor parte del pa\u00eds. Sin embargo, por la tarde, se prev\u00e9n lluvias con actividad el\u00e9ctrica en \u00e1reas de las regiones del suroccidente, sur y central, debido a la convergencia de viento y humedad proveniente &hellip;<\/p>\n","protected":false},"author":0,"featured_media":71874,"comment_status":"open","ping_status":"open","sticky":false,"template":"","format":"standard","meta":{"_jetpack_memberships_contains_paid_content":false,"footnotes":""},"categories":[5],"tags":[],"class_list":["post-71873","post","type-post","status-publish","format-standard","has-post-thumbnail","","category-noticias"],"jetpack_sharing_enabled":true,"jetpack_featured_media_url":"https:\/\/mickyandoniehn.com\/radio\/wp-content\/uploads\/2024\/05\/principal_clima_en_honduras_25_de_diciembre_-ObQ7WE.jpeg","_links":{"self":[{"href":"https:\/\/mickyandoniehn.com\/radio\/wp-json\/wp\/v2\/posts\/71873","targetHints":{"allow":["GET"]}}],"collection":[{"href":"https:\/\/mickyandoniehn.com\/radio\/wp-json\/wp\/v2\/posts"}],"about":[{"href":"https:\/\/mickyandoniehn.com\/radio\/wp-json\/wp\/v2\/types\/post"}],"replies":[{"embeddable":true,"href":"https:\/\/mickyandoniehn.com\/radio\/wp-json\/wp\/v2\/comments?post=71873"}],"version-history":[{"count":0,"href":"https:\/\/mickyandoniehn.com\/radio\/wp-json\/wp\/v2\/posts\/71873\/revisions"}],"wp:featuredmedia":[{"embeddable":true,"href":"https:\/\/mickyandoniehn.com\/radio\/wp-json\/wp\/v2\/media\/71874"}],"wp:attachment":[{"href":"https:\/\/mickyandoniehn.com\/radio\/wp-json\/wp\/v2\/media?parent=71873"}],"wp:term":[{"taxonomy":"category","embeddable":true,"href":"https:\/\/mickyandoniehn.com\/radio\/wp-json\/wp\/v2\/categories?post=71873"},{"taxonomy":"post_tag","embeddable":true,"href":"https:\/\/mickyandoniehn.com\/radio\/wp-json\/wp\/v2\/tags?post=71873"}],"curies":[{"name":"wp","href":"https:\/\/api.w.org\/{rel}","templated":true}]}}